{"id":59658,"date":"2025-08-28T10:28:57","date_gmt":"2025-08-28T13:28:57","guid":{"rendered":"https:\/\/elurbanoweb.com.ar\/diario\/?p=59658"},"modified":"2025-08-28T10:28:57","modified_gmt":"2025-08-28T13:28:57","slug":"este-fin-de-semana-se-realizara-la-segunda-gran-feria-de-s-u-o-e-m","status":"publish","type":"post","link":"http:\/\/elurbanoweb.com.ar\/diario\/este-fin-de-semana-se-realizara-la-segunda-gran-feria-de-s-u-o-e-m\/","title":{"rendered":"Este fin de semana se realizar\u00e1 la segunda Gran Feria de S.U.O.E.M."},"content":{"rendered":"<p>La comisi\u00f3n directiva del Sindicato Uni\u00f3n de Obreros y Empleados Municipales (S.U.O.E.M.) de la ciudad de La Banda, informa que el pr\u00f3ximo s\u00e1bado 30 de agosto se realizar\u00e1 la 2da. Edici\u00f3n de la Gran Feria.<\/p>\n<p><img loading=\"lazy\" decoding=\"async\" class=\"alignnone wp-image-59659 size-full\" src=\"http:\/\/elurbanoweb.com.ar\/diario\/wp-content\/uploads\/2025\/08\/gran1.jpg\" alt=\"\" width=\"1010\" height=\"567\" srcset=\"http:\/\/elurbanoweb.com.ar\/diario\/wp-content\/uploads\/2025\/08\/gran1.jpg 1010w, http:\/\/elurbanoweb.com.ar\/diario\/wp-content\/uploads\/2025\/08\/gran1-300x168.jpg 300w, http:\/\/elurbanoweb.com.ar\/diario\/wp-content\/uploads\/2025\/08\/gran1-150x84.jpg 150w\" sizes=\"auto, (max-width: 1010px) 100vw, 1010px\" \/><\/p>\n<p><!--more--><\/p>\n<p>Esta importante actividad se llevar\u00e1 a cabo a partir de las 14 en el edificio del propio sindicato situado en la calle Avellaneda N\u00b0 666, con entrada libre y gratuita para toda la comunidad.<\/p>\n<p>La feria comprender\u00e1 productos a precios populares de emprendedores, artesanos y productores locales. Tambi\u00e9n habr\u00e1 m\u00fasica en vivo y otros atractivos para las familias que se acerquen a compartir una jornada diferente.<\/p>\n","protected":false},"excerpt":{"rendered":"<p>La comisi\u00f3n directiva del Sindicato Uni\u00f3n de Obreros y Empleados Municipales (S.U.O.E.M.) de la ciudad de La Banda, informa que el pr\u00f3ximo s\u00e1bado 30 de agosto se realizar\u00e1 la 2da.&hellip; <\/p>\n","protected":false},"author":1,"featured_media":59659,"comment_status":"closed","ping_status":"closed","sticky":false,"template":"","format":"standard","meta":{"footnotes":""},"categories":[9],"tags":[],"class_list":["post-59658","post","type-post","status-publish","format-standard","has-post-thumbnail","hentry","category-la-banda"],"_links":{"self":[{"href":"http:\/\/elurbanoweb.com.ar\/diario\/wp-json\/wp\/v2\/posts\/59658","targetHints":{"allow":["GET"]}}],"collection":[{"href":"http:\/\/elurbanoweb.com.ar\/diario\/wp-json\/wp\/v2\/posts"}],"about":[{"href":"http:\/\/elurbanoweb.com.ar\/diario\/wp-json\/wp\/v2\/types\/post"}],"author":[{"embeddable":true,"href":"http:\/\/elurbanoweb.com.ar\/diario\/wp-json\/wp\/v2\/users\/1"}],"replies":[{"embeddable":true,"href":"http:\/\/elurbanoweb.com.ar\/diario\/wp-json\/wp\/v2\/comments?post=59658"}],"version-history":[{"count":1,"href":"http:\/\/elurbanoweb.com.ar\/diario\/wp-json\/wp\/v2\/posts\/59658\/revisions"}],"predecessor-version":[{"id":59660,"href":"http:\/\/elurbanoweb.com.ar\/diario\/wp-json\/wp\/v2\/posts\/59658\/revisions\/59660"}],"wp:featuredmedia":[{"embeddable":true,"href":"http:\/\/elurbanoweb.com.ar\/diario\/wp-json\/wp\/v2\/media\/59659"}],"wp:attachment":[{"href":"http:\/\/elurbanoweb.com.ar\/diario\/wp-json\/wp\/v2\/media?parent=59658"}],"wp:term":[{"taxonomy":"category","embeddable":true,"href":"http:\/\/elurbanoweb.com.ar\/diario\/wp-json\/wp\/v2\/categories?post=59658"},{"taxonomy":"post_tag","embeddable":true,"href":"http:\/\/elurbanoweb.com.ar\/diario\/wp-json\/wp\/v2\/tags?post=59658"}],"curies":[{"name":"wp","href":"https:\/\/api.w.org\/{rel}","templated":true}]}}