{"id":59745,"date":"2025-08-30T09:12:25","date_gmt":"2025-08-30T12:12:25","guid":{"rendered":"https:\/\/elurbanoweb.com.ar\/diario\/?p=59745"},"modified":"2025-08-30T09:12:25","modified_gmt":"2025-08-30T12:12:25","slug":"exitosa-clausura-de-la-3a-feria-municipal-del-libro-en-la-banda-con-la-participacion-del-dr-chinaski","status":"publish","type":"post","link":"http:\/\/elurbanoweb.com.ar\/diario\/exitosa-clausura-de-la-3a-feria-municipal-del-libro-en-la-banda-con-la-participacion-del-dr-chinaski\/","title":{"rendered":"Exitosa clausura de la 3\u00aa Feria Municipal del Libro en La Banda con la participaci\u00f3n del Dr. Chinaski"},"content":{"rendered":"<p>Nediani destac\u00f3 el cierre de lujo con la presencia del Dr. Javier P\u00e9rez, reconocido psicoanalista y divulgador, quien acept\u00f3 la invitaci\u00f3n del municipio sin dudarlo.<\/p>\n<p><img loading=\"lazy\" decoding=\"async\" class=\"alignnone wp-image-59746 size-full\" src=\"http:\/\/elurbanoweb.com.ar\/diario\/wp-content\/uploads\/2025\/08\/exito0.jpg\" alt=\"\" width=\"1010\" height=\"567\" srcset=\"http:\/\/elurbanoweb.com.ar\/diario\/wp-content\/uploads\/2025\/08\/exito0.jpg 1010w, http:\/\/elurbanoweb.com.ar\/diario\/wp-content\/uploads\/2025\/08\/exito0-300x168.jpg 300w, http:\/\/elurbanoweb.com.ar\/diario\/wp-content\/uploads\/2025\/08\/exito0-150x84.jpg 150w\" sizes=\"auto, (max-width: 1010px) 100vw, 1010px\" \/><\/p>\n<p><!--more--><\/p>\n<p>La Municipalidad de La Banda, culmin\u00f3 con gran \u00e9xito la 3er Edici\u00f3n de la Feria Municipal del Libro \u201cEntre rieles y letras\u201d, evento que super\u00f3 ampliamente las expectativas iniciales y se consolid\u00f3 como uno de los espacios culturales m\u00e1s importantes de la ciudad.<\/p>\n<p>En el acto de cierre, el intendente expres\u00f3 su satisfacci\u00f3n por la convocatoria y la magnitud de la propuesta cultural: \u201cEstamos muy contentos porque hemos superado las expectativas que ten\u00edamos al inicio. En esta tercera edici\u00f3n participaron 17 editoriales locales y nacionales, contamos con 35 exponentes y escritores, se realizaron m\u00e1s de 60 actividades, adem\u00e1s de la participaci\u00f3n de 20 jardines de infantes. Estimamos que m\u00e1s de 10 mil personas, entre alumnos, vecinos y visitantes, participaron de las distintas instancias de la feria\u201d.<\/p>\n<p>Nediani subray\u00f3 que la feria no se limit\u00f3 a la presentaci\u00f3n de libros, sino que tambi\u00e9n ofreci\u00f3 charlas, debates, conversatorios y actividades que abordaron tem\u00e1ticas diversas como la educaci\u00f3n, el deporte, lo social y las adicciones.<\/p>\n<p>Asimismo, destac\u00f3 el cierre de lujo con la presencia del Dr. Javier P\u00e9rez, m\u00e1s conocido como \u201cDr. Chinaski\u201d, reconocido psicoanalista y divulgador, quien acept\u00f3 la invitaci\u00f3n del municipio sin dudarlo: \u201cQuer\u00edamos cerrar con la frutilla del postre, con la presencia de una personalidad importante como el Dr. Chinaski, que aborda el psicoan\u00e1lisis desde lo popular, desde una mirada profundamente ligada a lo colectivo y, podr\u00edamos decir, desde lo peronista\u201d.<\/p>\n<p>Por su parte, el Dr. Chinaski manifest\u00f3 su alegr\u00eda de visitar por primera vez la provincia y la ciudad de La Banda: \u201cEs la primera vez que estoy en Santiago y tambi\u00e9n en La Banda. Estoy muy contento porque me han tratado muy bien, no solo el equipo del intendente Roger Nediani, la gente del hotel, sino tambi\u00e9n la gente en la calle. Hoy sal\u00ed a recorrer, incluso a correr por la ciudad, y todos me trataron con mucho cari\u00f1o. Mis expectativas ya fueron superadas, espero que las del p\u00fablico tambi\u00e9n est\u00e9n a la altura de lo que esperan de esta charla\u201d.<\/p>\n<p>Respecto a su presentaci\u00f3n, adelant\u00f3 que su exposici\u00f3n se centr\u00f3 en el paralelismo entre el freudismo y el peronismo: \u201cAmbos parten de la misma premisa: cada uno librado a su propia individualidad no sirve para nada. Freud dec\u00eda que el yo no sabe nada de s\u00ed mismo y que, librados a nosotros mismos, no somos m\u00e1s que bolsas de fobias, histeria y obsesiones. Es por eso que inventamos el amor, porque nos topamos con nuestra insuficiencia y necesitamos a los otros para organizarnos y mejorar. El peronismo tambi\u00e9n parte de esa premisa: la salida es colectiva. El yo tiene vocaci\u00f3n de esclavo y eso lo explotan las ultraderechas cuando venden la ilusi\u00f3n de libertad individual, pero lo \u00fanico que se logra as\u00ed es ser mejores esclavos. En cambio, el peronismo, como el psicoan\u00e1lisis, nos invita a salir de esa trampa a trav\u00e9s de lo colectivo y lo popular\u201d.<\/p>\n<p>El Dr. Chinaski tambi\u00e9n resalt\u00f3 el valor de que el municipio organice este tipo de actividades de manera gratuita y abierta a toda la comunidad: \u201cLo fundamental de estos encuentros es que permiten encontrarnos. Al poder econ\u00f3mico no le alcanza con saquearnos en lo material: tambi\u00e9n intentan robarnos la alegr\u00eda popular, la posibilidad del encuentro. Por eso son tan valiosos estos espacios que se sostienen desde el Estado y desde las comunidades, donde no solo se viene a aprender, sino tambi\u00e9n a producir comunidad, a reforzar los lazos amorosos que nos hacen humanos. Eso es lo verdaderamente humano: juntarse, compartir, celebrar la lectura y la palabra del otro\u201d.<\/p>\n<p>Para cerrar su reflexi\u00f3n, el psicoanalista record\u00f3 una an\u00e9cdota del Che Guevara durante la guerra revolucionaria: \u201cEl Che, en un momento en el que cre\u00eda que iba a morir, busc\u00f3 en su memoria las mejores palabras que hab\u00eda le\u00eddo en los libros para encontrar la forma m\u00e1s digna de morir. Record\u00f3 un cuento de Jack London. Hasta para morir necesitamos la palabra del otro, y por supuesto, mucho m\u00e1s para vivir\u201d.<\/p>\n<p>Con la presencia de invitados especiales, instituciones educativas, escritores, disertantes, editoriales, academias art\u00edsticas y una multitud de vecinos, la 3ra Feria del Libro Municipal se consolid\u00f3 como una pol\u00edtica p\u00fablica cultural de la ciudad de La Banda, que se proyecta a seguir creciendo a\u00f1o tras a\u00f1o.<\/p>\n<p>El intendente Nediani concluy\u00f3 agradeciendo a todos los que participaron y destacando que la continuidad de esta feria, institucionalizada por ordenanza, \u201ces la demostraci\u00f3n de que la cultura, la educaci\u00f3n y la inclusi\u00f3n son pilares fundamentales para el desarrollo de la comunidad bande\u00f1a\u201d.<\/p>\n","protected":false},"excerpt":{"rendered":"<p>Nediani destac\u00f3 el cierre de lujo con la presencia del Dr. Javier P\u00e9rez, reconocido psicoanalista y divulgador, quien acept\u00f3 la invitaci\u00f3n del municipio sin dudarlo.<\/p>\n","protected":false},"author":1,"featured_media":59746,"comment_status":"closed","ping_status":"closed","sticky":false,"template":"","format":"standard","meta":{"footnotes":""},"categories":[9],"tags":[],"class_list":["post-59745","post","type-post","status-publish","format-standard","has-post-thumbnail","hentry","category-la-banda"],"_links":{"self":[{"href":"http:\/\/elurbanoweb.com.ar\/diario\/wp-json\/wp\/v2\/posts\/59745","targetHints":{"allow":["GET"]}}],"collection":[{"href":"http:\/\/elurbanoweb.com.ar\/diario\/wp-json\/wp\/v2\/posts"}],"about":[{"href":"http:\/\/elurbanoweb.com.ar\/diario\/wp-json\/wp\/v2\/types\/post"}],"author":[{"embeddable":true,"href":"http:\/\/elurbanoweb.com.ar\/diario\/wp-json\/wp\/v2\/users\/1"}],"replies":[{"embeddable":true,"href":"http:\/\/elurbanoweb.com.ar\/diario\/wp-json\/wp\/v2\/comments?post=59745"}],"version-history":[{"count":1,"href":"http:\/\/elurbanoweb.com.ar\/diario\/wp-json\/wp\/v2\/posts\/59745\/revisions"}],"predecessor-version":[{"id":59747,"href":"http:\/\/elurbanoweb.com.ar\/diario\/wp-json\/wp\/v2\/posts\/59745\/revisions\/59747"}],"wp:featuredmedia":[{"embeddable":true,"href":"http:\/\/elurbanoweb.com.ar\/diario\/wp-json\/wp\/v2\/media\/59746"}],"wp:attachment":[{"href":"http:\/\/elurbanoweb.com.ar\/diario\/wp-json\/wp\/v2\/media?parent=59745"}],"wp:term":[{"taxonomy":"category","embeddable":true,"href":"http:\/\/elurbanoweb.com.ar\/diario\/wp-json\/wp\/v2\/categories?post=59745"},{"taxonomy":"post_tag","embeddable":true,"href":"http:\/\/elurbanoweb.com.ar\/diario\/wp-json\/wp\/v2\/tags?post=59745"}],"curies":[{"name":"wp","href":"https:\/\/api.w.org\/{rel}","templated":true}]}}