{"id":59766,"date":"2025-08-30T09:24:18","date_gmt":"2025-08-30T12:24:18","guid":{"rendered":"https:\/\/elurbanoweb.com.ar\/diario\/?p=59766"},"modified":"2025-08-30T09:24:18","modified_gmt":"2025-08-30T12:24:18","slug":"la-intendente-fuentes-firmo-un-convenio-con-el-instituto-san-martin-de-porres-para-practicas-profesionalizantes-de-estudiantes","status":"publish","type":"post","link":"http:\/\/elurbanoweb.com.ar\/diario\/la-intendente-fuentes-firmo-un-convenio-con-el-instituto-san-martin-de-porres-para-practicas-profesionalizantes-de-estudiantes\/","title":{"rendered":"La intendente Fuentes firm\u00f3 un convenio con el Instituto San Mart\u00edn de Porres para pr\u00e1cticas profesionalizantes de estudiantes"},"content":{"rendered":"<p>La intendente de la Capital, Ing. Norma Fuentes, firm\u00f3 un convenio con la rectora del Instituto San Mart\u00edn de Porres, Mar\u00eda Alejandrina Bel\u00f3n, para desarrollar pr\u00e1cticas profesionalizantes de los alumnos de la carrera de Trabajo Social en dependencias de la Municipalidad.<\/p>\n<p><img loading=\"lazy\" decoding=\"async\" class=\"alignnone wp-image-59767 size-large\" src=\"http:\/\/elurbanoweb.com.ar\/diario\/wp-content\/uploads\/2025\/08\/practicas2-1024x650.jpg\" alt=\"\" width=\"1024\" height=\"650\" srcset=\"http:\/\/elurbanoweb.com.ar\/diario\/wp-content\/uploads\/2025\/08\/practicas2-1024x650.jpg 1024w, http:\/\/elurbanoweb.com.ar\/diario\/wp-content\/uploads\/2025\/08\/practicas2-300x191.jpg 300w, http:\/\/elurbanoweb.com.ar\/diario\/wp-content\/uploads\/2025\/08\/practicas2-150x95.jpg 150w, http:\/\/elurbanoweb.com.ar\/diario\/wp-content\/uploads\/2025\/08\/practicas2-1536x975.jpg 1536w, http:\/\/elurbanoweb.com.ar\/diario\/wp-content\/uploads\/2025\/08\/practicas2.jpg 1600w\" sizes=\"auto, (max-width: 1024px) 100vw, 1024px\" \/><\/p>\n<p><!--more--> Entre las autoridades presentes en el acto estuvieron, el secretario de Gobierno, Nestor Machado; la subsecretaria de Educaci\u00f3n y Desarrollo Comunitario, Nancy Bravo; la directora de Educaci\u00f3n, Josefina Muratore, y el apoderado legal del Instituto, Diego Basualdo, adem\u00e1s de docentes y alumnos de la instituci\u00f3n.<\/p>\n<p>Al respecto, la intendente Fuentes remarc\u00f3: \u00abCon la capacidad del estudio y la formaci\u00f3n acad\u00e9mica, la pr\u00e1ctica es determinante para tener buenos profesionales. Sean bienvenidos y que puedan disfrutar esta experiencia en un \u00e1mbito cotidiano de trabajo. Para nosotros es un gusto que una entidad tan prestigiosa elija la municipalidad para realizar las pr\u00e1cticas\u00bb.<\/p>\n<p>Asimismo puso de relieve la participaci\u00f3n de j\u00f3venes para que puedan conocer el funcionamiento de la comuna.<\/p>\n<p>Por su parte, Bel\u00f3n agradeci\u00f3 al municipio la apertura de sus puertas para los alumnos del instituto San Mart\u00edn de Porres.<\/p>\n<p>\u00abEstas actividades se desarrollar\u00e1n en escenarios reales en donde nuestros estudiantes podr\u00e1n adquirir, en un contexto importante en diferentes \u00e1reas, experiencias, saberes y conocimientos\u00bb, expres\u00f3.<\/p>\n","protected":false},"excerpt":{"rendered":"<p>La intendente de la Capital, Ing. Norma Fuentes, firm\u00f3 un convenio con la rectora del Instituto San Mart\u00edn de Porres, Mar\u00eda Alejandrina Bel\u00f3n, para desarrollar pr\u00e1cticas profesionalizantes de los alumnos&hellip; <\/p>\n","protected":false},"author":1,"featured_media":59767,"comment_status":"closed","ping_status":"closed","sticky":false,"template":"","format":"standard","meta":{"footnotes":""},"categories":[3],"tags":[],"class_list":["post-59766","post","type-post","status-publish","format-standard","has-post-thumbnail","hentry","category-municipio"],"_links":{"self":[{"href":"http:\/\/elurbanoweb.com.ar\/diario\/wp-json\/wp\/v2\/posts\/59766","targetHints":{"allow":["GET"]}}],"collection":[{"href":"http:\/\/elurbanoweb.com.ar\/diario\/wp-json\/wp\/v2\/posts"}],"about":[{"href":"http:\/\/elurbanoweb.com.ar\/diario\/wp-json\/wp\/v2\/types\/post"}],"author":[{"embeddable":true,"href":"http:\/\/elurbanoweb.com.ar\/diario\/wp-json\/wp\/v2\/users\/1"}],"replies":[{"embeddable":true,"href":"http:\/\/elurbanoweb.com.ar\/diario\/wp-json\/wp\/v2\/comments?post=59766"}],"version-history":[{"count":1,"href":"http:\/\/elurbanoweb.com.ar\/diario\/wp-json\/wp\/v2\/posts\/59766\/revisions"}],"predecessor-version":[{"id":59768,"href":"http:\/\/elurbanoweb.com.ar\/diario\/wp-json\/wp\/v2\/posts\/59766\/revisions\/59768"}],"wp:featuredmedia":[{"embeddable":true,"href":"http:\/\/elurbanoweb.com.ar\/diario\/wp-json\/wp\/v2\/media\/59767"}],"wp:attachment":[{"href":"http:\/\/elurbanoweb.com.ar\/diario\/wp-json\/wp\/v2\/media?parent=59766"}],"wp:term":[{"taxonomy":"category","embeddable":true,"href":"http:\/\/elurbanoweb.com.ar\/diario\/wp-json\/wp\/v2\/categories?post=59766"},{"taxonomy":"post_tag","embeddable":true,"href":"http:\/\/elurbanoweb.com.ar\/diario\/wp-json\/wp\/v2\/tags?post=59766"}],"curies":[{"name":"wp","href":"https:\/\/api.w.org\/{rel}","templated":true}]}}