{"id":59772,"date":"2025-08-30T09:27:10","date_gmt":"2025-08-30T12:27:10","guid":{"rendered":"https:\/\/elurbanoweb.com.ar\/diario\/?p=59772"},"modified":"2025-08-30T09:27:10","modified_gmt":"2025-08-30T12:27:10","slug":"la-intendente-fuentes-participo-de-la-asuncion-de-las-autoridades-de-cpia-y-del-homenaje-al-ing-perez","status":"publish","type":"post","link":"http:\/\/elurbanoweb.com.ar\/diario\/la-intendente-fuentes-participo-de-la-asuncion-de-las-autoridades-de-cpia-y-del-homenaje-al-ing-perez\/","title":{"rendered":"La intendente Fuentes particip\u00f3 de la asunci\u00f3n de las autoridades de Cpia y del homenaje al Ing. P\u00e9rez"},"content":{"rendered":"<p>La intendente, Ing. Norma Fuentes, particip\u00f3 del acto protocolar por el 102\u00b0 aniversario del Consejo Profesional de Ingenier\u00eda y Afines de Santiago del Estero, donde asumi\u00f3 la nueva comisi\u00f3n directiva encabezada por el Ing. Mario Mondino y se rindi\u00f3 homenaje al fallecido presidente Ram\u00f3n P\u00e9rez.<\/p>\n<p><img loading=\"lazy\" decoding=\"async\" class=\"alignnone wp-image-59773 size-large\" src=\"http:\/\/elurbanoweb.com.ar\/diario\/wp-content\/uploads\/2025\/08\/autoridades1-1024x682.jpg\" alt=\"\" width=\"1024\" height=\"682\" srcset=\"http:\/\/elurbanoweb.com.ar\/diario\/wp-content\/uploads\/2025\/08\/autoridades1-1024x682.jpg 1024w, http:\/\/elurbanoweb.com.ar\/diario\/wp-content\/uploads\/2025\/08\/autoridades1-300x200.jpg 300w, http:\/\/elurbanoweb.com.ar\/diario\/wp-content\/uploads\/2025\/08\/autoridades1-150x100.jpg 150w, http:\/\/elurbanoweb.com.ar\/diario\/wp-content\/uploads\/2025\/08\/autoridades1-1536x1023.jpg 1536w, http:\/\/elurbanoweb.com.ar\/diario\/wp-content\/uploads\/2025\/08\/autoridades1.jpg 1600w\" sizes=\"auto, (max-width: 1024px) 100vw, 1024px\" \/><\/p>\n<p><!--more--> La jefa comunal acompa\u00f1ada por los secretarios de Gobierno, N\u00e9stor Machado y de Obras P\u00fablicas, Jorge Vila y la subsecretaria del \u00e1rea, Rosa Allalla, hizo entrega de un presente al flamante presidente.<\/p>\n<p>Asimismo, entreg\u00f3 una plaqueta recordatoria a los familiares del Ing. P\u00e9rez en la cual se destaca su trabajo y sus ideales como presidente de la instituci\u00f3n y su compromiso con la comunidad.<\/p>\n<p>La ceremonia se inici\u00f3 con la toma de Juramento al flamante presidente y al vicepresidente Ing. Mario Mafud Ledesma Haron, respectivamente. Sigui\u00f3 con la entrega de reconocimientos y distinciones a profesionales destacados de las distintas ramas de la ingenier\u00eda en Santiago del Estero y finaliz\u00f3 con las palabras del Ing Mondino, dando as\u00ed inicio formal a su gesti\u00f3n al frente de la instituci\u00f3n.<\/p>\n","protected":false},"excerpt":{"rendered":"<p>La intendente, Ing. Norma Fuentes, particip\u00f3 del acto protocolar por el 102\u00b0 aniversario del Consejo Profesional de Ingenier\u00eda y Afines de Santiago del Estero, donde asumi\u00f3 la nueva comisi\u00f3n directiva&hellip; <\/p>\n","protected":false},"author":1,"featured_media":59773,"comment_status":"closed","ping_status":"closed","sticky":false,"template":"","format":"standard","meta":{"footnotes":""},"categories":[3],"tags":[],"class_list":["post-59772","post","type-post","status-publish","format-standard","has-post-thumbnail","hentry","category-municipio"],"_links":{"self":[{"href":"http:\/\/elurbanoweb.com.ar\/diario\/wp-json\/wp\/v2\/posts\/59772","targetHints":{"allow":["GET"]}}],"collection":[{"href":"http:\/\/elurbanoweb.com.ar\/diario\/wp-json\/wp\/v2\/posts"}],"about":[{"href":"http:\/\/elurbanoweb.com.ar\/diario\/wp-json\/wp\/v2\/types\/post"}],"author":[{"embeddable":true,"href":"http:\/\/elurbanoweb.com.ar\/diario\/wp-json\/wp\/v2\/users\/1"}],"replies":[{"embeddable":true,"href":"http:\/\/elurbanoweb.com.ar\/diario\/wp-json\/wp\/v2\/comments?post=59772"}],"version-history":[{"count":1,"href":"http:\/\/elurbanoweb.com.ar\/diario\/wp-json\/wp\/v2\/posts\/59772\/revisions"}],"predecessor-version":[{"id":59774,"href":"http:\/\/elurbanoweb.com.ar\/diario\/wp-json\/wp\/v2\/posts\/59772\/revisions\/59774"}],"wp:featuredmedia":[{"embeddable":true,"href":"http:\/\/elurbanoweb.com.ar\/diario\/wp-json\/wp\/v2\/media\/59773"}],"wp:attachment":[{"href":"http:\/\/elurbanoweb.com.ar\/diario\/wp-json\/wp\/v2\/media?parent=59772"}],"wp:term":[{"taxonomy":"category","embeddable":true,"href":"http:\/\/elurbanoweb.com.ar\/diario\/wp-json\/wp\/v2\/categories?post=59772"},{"taxonomy":"post_tag","embeddable":true,"href":"http:\/\/elurbanoweb.com.ar\/diario\/wp-json\/wp\/v2\/tags?post=59772"}],"curies":[{"name":"wp","href":"https:\/\/api.w.org\/{rel}","templated":true}]}}