{"id":59784,"date":"2025-08-31T10:41:39","date_gmt":"2025-08-31T13:41:39","guid":{"rendered":"https:\/\/elurbanoweb.com.ar\/diario\/?p=59784"},"modified":"2025-08-31T10:41:39","modified_gmt":"2025-08-31T13:41:39","slug":"personal-de-parques-y-paseos-realizo-podas-de-gajos-de-eucaliptos-que-podrian-desprenderse-durante-fuertes-vientos","status":"publish","type":"post","link":"http:\/\/elurbanoweb.com.ar\/diario\/personal-de-parques-y-paseos-realizo-podas-de-gajos-de-eucaliptos-que-podrian-desprenderse-durante-fuertes-vientos\/","title":{"rendered":"Personal de Parques y Paseos realiz\u00f3 podas de gajos de eucaliptos que podr\u00edan desprenderse durante fuertes vientos"},"content":{"rendered":"<p>El trabajo se localiz\u00f3 en calle Nicolas Heredia, entre Urquiza y Mendoza.<\/p>\n<p><img loading=\"lazy\" decoding=\"async\" class=\"alignnone wp-image-59785 size-large\" src=\"http:\/\/elurbanoweb.com.ar\/diario\/wp-content\/uploads\/2025\/08\/poda2-771x1024.jpg\" alt=\"\" width=\"771\" height=\"1024\" srcset=\"http:\/\/elurbanoweb.com.ar\/diario\/wp-content\/uploads\/2025\/08\/poda2-771x1024.jpg 771w, http:\/\/elurbanoweb.com.ar\/diario\/wp-content\/uploads\/2025\/08\/poda2-226x300.jpg 226w, http:\/\/elurbanoweb.com.ar\/diario\/wp-content\/uploads\/2025\/08\/poda2-113x150.jpg 113w, http:\/\/elurbanoweb.com.ar\/diario\/wp-content\/uploads\/2025\/08\/poda2-1156x1536.jpg 1156w, http:\/\/elurbanoweb.com.ar\/diario\/wp-content\/uploads\/2025\/08\/poda2.jpg 1204w\" sizes=\"auto, (max-width: 771px) 100vw, 771px\" \/><\/p>\n<p><!--more--><\/p>\n","protected":false},"excerpt":{"rendered":"<p>El trabajo se localiz\u00f3 en calle Nicolas Heredia, entre Urquiza y Mendoza.<\/p>\n","protected":false},"author":1,"featured_media":59785,"comment_status":"closed","ping_status":"closed","sticky":false,"template":"","format":"standard","meta":{"footnotes":""},"categories":[3],"tags":[],"class_list":["post-59784","post","type-post","status-publish","format-standard","has-post-thumbnail","hentry","category-municipio"],"_links":{"self":[{"href":"http:\/\/elurbanoweb.com.ar\/diario\/wp-json\/wp\/v2\/posts\/59784","targetHints":{"allow":["GET"]}}],"collection":[{"href":"http:\/\/elurbanoweb.com.ar\/diario\/wp-json\/wp\/v2\/posts"}],"about":[{"href":"http:\/\/elurbanoweb.com.ar\/diario\/wp-json\/wp\/v2\/types\/post"}],"author":[{"embeddable":true,"href":"http:\/\/elurbanoweb.com.ar\/diario\/wp-json\/wp\/v2\/users\/1"}],"replies":[{"embeddable":true,"href":"http:\/\/elurbanoweb.com.ar\/diario\/wp-json\/wp\/v2\/comments?post=59784"}],"version-history":[{"count":1,"href":"http:\/\/elurbanoweb.com.ar\/diario\/wp-json\/wp\/v2\/posts\/59784\/revisions"}],"predecessor-version":[{"id":59786,"href":"http:\/\/elurbanoweb.com.ar\/diario\/wp-json\/wp\/v2\/posts\/59784\/revisions\/59786"}],"wp:featuredmedia":[{"embeddable":true,"href":"http:\/\/elurbanoweb.com.ar\/diario\/wp-json\/wp\/v2\/media\/59785"}],"wp:attachment":[{"href":"http:\/\/elurbanoweb.com.ar\/diario\/wp-json\/wp\/v2\/media?parent=59784"}],"wp:term":[{"taxonomy":"category","embeddable":true,"href":"http:\/\/elurbanoweb.com.ar\/diario\/wp-json\/wp\/v2\/categories?post=59784"},{"taxonomy":"post_tag","embeddable":true,"href":"http:\/\/elurbanoweb.com.ar\/diario\/wp-json\/wp\/v2\/tags?post=59784"}],"curies":[{"name":"wp","href":"https:\/\/api.w.org\/{rel}","templated":true}]}}