{"id":59787,"date":"2025-08-31T10:43:19","date_gmt":"2025-08-31T13:43:19","guid":{"rendered":"https:\/\/elurbanoweb.com.ar\/diario\/?p=59787"},"modified":"2025-08-31T10:43:19","modified_gmt":"2025-08-31T13:43:19","slug":"la-ciudad-de-villa-ojo-de-agua-celebro-su-141-aniversario","status":"publish","type":"post","link":"http:\/\/elurbanoweb.com.ar\/diario\/la-ciudad-de-villa-ojo-de-agua-celebro-su-141-aniversario\/","title":{"rendered":"La ciudad de Villa Ojo de Agua celebr\u00f3 su 141\u00b0 Aniversario"},"content":{"rendered":"<p>Con la presencia de autoridades del Gobierno de la provincia el viernes por la tarde se realiz\u00f3 el acto central por los 141 a\u00f1os de Villa Ojo de Agua, cabecera del departamento Ojo de Agua.<\/p>\n<p><img loading=\"lazy\" decoding=\"async\" class=\"alignnone wp-image-59788 size-large\" src=\"http:\/\/elurbanoweb.com.ar\/diario\/wp-content\/uploads\/2025\/08\/ojo-1024x682.jpg\" alt=\"\" width=\"1024\" height=\"682\" srcset=\"http:\/\/elurbanoweb.com.ar\/diario\/wp-content\/uploads\/2025\/08\/ojo-1024x682.jpg 1024w, http:\/\/elurbanoweb.com.ar\/diario\/wp-content\/uploads\/2025\/08\/ojo-300x200.jpg 300w, http:\/\/elurbanoweb.com.ar\/diario\/wp-content\/uploads\/2025\/08\/ojo-150x100.jpg 150w, http:\/\/elurbanoweb.com.ar\/diario\/wp-content\/uploads\/2025\/08\/ojo-1536x1024.jpg 1536w, http:\/\/elurbanoweb.com.ar\/diario\/wp-content\/uploads\/2025\/08\/ojo-2048x1365.jpg 2048w\" sizes=\"auto, (max-width: 1024px) 100vw, 1024px\" \/><\/p>\n<p><!--more--><\/p>\n<p>En representaci\u00f3n del gobernador Gerardo Zamora participaron de la ceremonia los ministros de Desarrollo Social, \u00c1ngel Niccolai, y de Producci\u00f3n, Miguel Mandrille, quienes recibieron la bienvenida de la intendenta M\u00f3nica Bustamante.<\/p>\n<p>En este marco, los ministros hicieron una entrega al municipio de un cami\u00f3n atmosf\u00e9rico para reforzar los servicios a la comunidad. Adem\u00e1s, se entregaron viviendas sociales y ecol\u00f3gicas y fueron inaugurados el Paseo Saludable 25 de Mayo y el sal\u00f3n de usos m\u00faltiples del Jard\u00edn de Infantes Municipal.<\/p>\n<p>Las palabras alusivas al aniversario estuvieron a cargo de la vicerrectora del Colegio Provincial N\u00b0 7, Viviana S\u00e1nchez. A continuaci\u00f3n se hizo la entrega de llaves a las familias beneficiadas con viviendas.<\/p>\n<p>Durante el acto se proyectaron videos del gobernador y del jefe de Gabinete de Ministros, El\u00edas Su\u00e1rez, quienes quisieron estar presentes en el cumplea\u00f1os de Villa Ojo de Agua y hacer llegar sus saludos a todos sus habitantes.<\/p>\n<p>El ministro Niccolai fue el encargado de cerrar los discursos. \u201cSiempre es bueno que los pueblos tengan memoria, que festejen sus ra\u00edces, que recuerden a sus pioneros y la gente que transit\u00f3 antes que estas generaciones toda la historia y el compromiso de generar aqu\u00ed las condiciones para que hoy Ojo de Agua sea una ciudad pujante, una ciudad con presente y con futuro\u201d, subray\u00f3.<\/p>\n<p>El acto finaliz\u00f3 con el desfile con la participaci\u00f3n de instituciones locales, escolares y fuerzas vivas de la comunidad<\/p>\n","protected":false},"excerpt":{"rendered":"<p>Con la presencia de autoridades del Gobierno de la provincia el viernes por la tarde se realiz\u00f3 el acto central por los 141 a\u00f1os de Villa Ojo de Agua, cabecera&hellip; <\/p>\n","protected":false},"author":1,"featured_media":59788,"comment_status":"closed","ping_status":"closed","sticky":false,"template":"","format":"standard","meta":{"footnotes":""},"categories":[10],"tags":[],"class_list":["post-59787","post","type-post","status-publish","format-standard","has-post-thumbnail","hentry","category-interior"],"_links":{"self":[{"href":"http:\/\/elurbanoweb.com.ar\/diario\/wp-json\/wp\/v2\/posts\/59787","targetHints":{"allow":["GET"]}}],"collection":[{"href":"http:\/\/elurbanoweb.com.ar\/diario\/wp-json\/wp\/v2\/posts"}],"about":[{"href":"http:\/\/elurbanoweb.com.ar\/diario\/wp-json\/wp\/v2\/types\/post"}],"author":[{"embeddable":true,"href":"http:\/\/elurbanoweb.com.ar\/diario\/wp-json\/wp\/v2\/users\/1"}],"replies":[{"embeddable":true,"href":"http:\/\/elurbanoweb.com.ar\/diario\/wp-json\/wp\/v2\/comments?post=59787"}],"version-history":[{"count":1,"href":"http:\/\/elurbanoweb.com.ar\/diario\/wp-json\/wp\/v2\/posts\/59787\/revisions"}],"predecessor-version":[{"id":59789,"href":"http:\/\/elurbanoweb.com.ar\/diario\/wp-json\/wp\/v2\/posts\/59787\/revisions\/59789"}],"wp:featuredmedia":[{"embeddable":true,"href":"http:\/\/elurbanoweb.com.ar\/diario\/wp-json\/wp\/v2\/media\/59788"}],"wp:attachment":[{"href":"http:\/\/elurbanoweb.com.ar\/diario\/wp-json\/wp\/v2\/media?parent=59787"}],"wp:term":[{"taxonomy":"category","embeddable":true,"href":"http:\/\/elurbanoweb.com.ar\/diario\/wp-json\/wp\/v2\/categories?post=59787"},{"taxonomy":"post_tag","embeddable":true,"href":"http:\/\/elurbanoweb.com.ar\/diario\/wp-json\/wp\/v2\/tags?post=59787"}],"curies":[{"name":"wp","href":"https:\/\/api.w.org\/{rel}","templated":true}]}}