{"id":59790,"date":"2025-08-31T10:45:54","date_gmt":"2025-08-31T13:45:54","guid":{"rendered":"https:\/\/elurbanoweb.com.ar\/diario\/?p=59790"},"modified":"2025-08-31T10:45:54","modified_gmt":"2025-08-31T13:45:54","slug":"programa-volver-a-la-universidad-ya-son-11-los-egresados","status":"publish","type":"post","link":"http:\/\/elurbanoweb.com.ar\/diario\/programa-volver-a-la-universidad-ya-son-11-los-egresados\/","title":{"rendered":"Programa \u201cVolver a la Universidad\u201d: ya son 11 los egresados"},"content":{"rendered":"<p>La Universidad Nacional de Santiago del Estero celebra un nuevo logro del Programa \u201cVolver a la Universidad\u201d, pol\u00edtica institucional destinada a acompa\u00f1ar a quienes, por distintos motivos, no hab\u00edan podido concluir sus estudios.<\/p>\n<p><img loading=\"lazy\" decoding=\"async\" class=\"alignnone wp-image-59791 size-large\" src=\"http:\/\/elurbanoweb.com.ar\/diario\/wp-content\/uploads\/2025\/08\/egresados-1024x576.jpg\" alt=\"\" width=\"1024\" height=\"576\" srcset=\"http:\/\/elurbanoweb.com.ar\/diario\/wp-content\/uploads\/2025\/08\/egresados-1024x576.jpg 1024w, http:\/\/elurbanoweb.com.ar\/diario\/wp-content\/uploads\/2025\/08\/egresados-300x169.jpg 300w, http:\/\/elurbanoweb.com.ar\/diario\/wp-content\/uploads\/2025\/08\/egresados-150x84.jpg 150w, http:\/\/elurbanoweb.com.ar\/diario\/wp-content\/uploads\/2025\/08\/egresados-1536x864.jpg 1536w, http:\/\/elurbanoweb.com.ar\/diario\/wp-content\/uploads\/2025\/08\/egresados.jpg 1600w\" sizes=\"auto, (max-width: 1024px) 100vw, 1024px\" \/><\/p>\n<p><!--more-->En esta oportunidad, Ana Guardini obtuvo el t\u00edtulo de Licenciada en Administraci\u00f3n, tras defender su trabajo final con una calificaci\u00f3n de 8 (ocho), convirti\u00e9ndose en la egresada n\u00famero 11 del programa.<\/p>\n<p>Desde su puesta en marcha en 2022, la iniciativa se consolid\u00f3 como una herramienta clave para garantizar inclusi\u00f3n, permanencia y egreso, sumando hasta el momento 11 titulados\/as en distintas carreras de grado y tecnicaturas.<\/p>\n<p>La UNSE reafirma as\u00ed su compromiso con la igualdad de oportunidades y la funci\u00f3n social de la educaci\u00f3n superior, demostrando que siempre es posible volver a la Universidad y alcanzar el sue\u00f1o del t\u00edtulo universitario.<\/p>\n","protected":false},"excerpt":{"rendered":"<p>La Universidad Nacional de Santiago del Estero celebra un nuevo logro del Programa \u201cVolver a la Universidad\u201d, pol\u00edtica institucional destinada a acompa\u00f1ar a quienes, por distintos motivos, no hab\u00edan podido&hellip; <\/p>\n","protected":false},"author":1,"featured_media":59791,"comment_status":"closed","ping_status":"closed","sticky":false,"template":"","format":"standard","meta":{"footnotes":""},"categories":[15],"tags":[],"class_list":["post-59790","post","type-post","status-publish","format-standard","has-post-thumbnail","hentry","category-unse"],"_links":{"self":[{"href":"http:\/\/elurbanoweb.com.ar\/diario\/wp-json\/wp\/v2\/posts\/59790","targetHints":{"allow":["GET"]}}],"collection":[{"href":"http:\/\/elurbanoweb.com.ar\/diario\/wp-json\/wp\/v2\/posts"}],"about":[{"href":"http:\/\/elurbanoweb.com.ar\/diario\/wp-json\/wp\/v2\/types\/post"}],"author":[{"embeddable":true,"href":"http:\/\/elurbanoweb.com.ar\/diario\/wp-json\/wp\/v2\/users\/1"}],"replies":[{"embeddable":true,"href":"http:\/\/elurbanoweb.com.ar\/diario\/wp-json\/wp\/v2\/comments?post=59790"}],"version-history":[{"count":1,"href":"http:\/\/elurbanoweb.com.ar\/diario\/wp-json\/wp\/v2\/posts\/59790\/revisions"}],"predecessor-version":[{"id":59792,"href":"http:\/\/elurbanoweb.com.ar\/diario\/wp-json\/wp\/v2\/posts\/59790\/revisions\/59792"}],"wp:featuredmedia":[{"embeddable":true,"href":"http:\/\/elurbanoweb.com.ar\/diario\/wp-json\/wp\/v2\/media\/59791"}],"wp:attachment":[{"href":"http:\/\/elurbanoweb.com.ar\/diario\/wp-json\/wp\/v2\/media?parent=59790"}],"wp:term":[{"taxonomy":"category","embeddable":true,"href":"http:\/\/elurbanoweb.com.ar\/diario\/wp-json\/wp\/v2\/categories?post=59790"},{"taxonomy":"post_tag","embeddable":true,"href":"http:\/\/elurbanoweb.com.ar\/diario\/wp-json\/wp\/v2\/tags?post=59790"}],"curies":[{"name":"wp","href":"https:\/\/api.w.org\/{rel}","templated":true}]}}