{"id":59796,"date":"2025-08-31T10:49:16","date_gmt":"2025-08-31T13:49:16","guid":{"rendered":"https:\/\/elurbanoweb.com.ar\/diario\/?p=59796"},"modified":"2025-08-31T10:49:16","modified_gmt":"2025-08-31T13:49:16","slug":"garza-celebro-sus-126-anos-con-obras-y-progreso","status":"publish","type":"post","link":"http:\/\/elurbanoweb.com.ar\/diario\/garza-celebro-sus-126-anos-con-obras-y-progreso\/","title":{"rendered":"Garza celebr\u00f3 sus 126 a\u00f1os con obras y progreso"},"content":{"rendered":"<p>La localidad de Garza conmemor\u00f3 su 126\u00b0 aniversario con la inauguraci\u00f3n de importantes obras que mejoran la calidad de vida de sus vecinos: el enripiado que une las localidades de Garza y Guaype y otro entre Garza y Matar\u00e1 en el primer tramo, 1000 metros de enripiado en las calles del pueblo, viviendas sociales y una Estaci\u00f3n Subtranformadora.<\/p>\n<p><img loading=\"lazy\" decoding=\"async\" class=\"alignnone wp-image-59797 size-large\" src=\"http:\/\/elurbanoweb.com.ar\/diario\/wp-content\/uploads\/2025\/08\/progreso-1024x574.jpg\" alt=\"\" width=\"1024\" height=\"574\" srcset=\"http:\/\/elurbanoweb.com.ar\/diario\/wp-content\/uploads\/2025\/08\/progreso-1024x574.jpg 1024w, http:\/\/elurbanoweb.com.ar\/diario\/wp-content\/uploads\/2025\/08\/progreso-300x168.jpg 300w, http:\/\/elurbanoweb.com.ar\/diario\/wp-content\/uploads\/2025\/08\/progreso-150x84.jpg 150w, http:\/\/elurbanoweb.com.ar\/diario\/wp-content\/uploads\/2025\/08\/progreso.jpg 1280w\" sizes=\"auto, (max-width: 1024px) 100vw, 1024px\" \/><\/p>\n<p><!--more--><\/p>\n<p>El acto central cont\u00f3 con la presencia del vicepresidente del Enrese, Mart\u00edn D\u00edaz Ach\u00e1val; el subsecretario de Coordinaci\u00f3n de Jefatura de Gabinete, Ricardo Sosa; el director de la Depse, Luis Lecuona; el director de Ciencia y Tecnolog\u00eda, Edmundo Vizgarra; la diputada Patricia Buena; comisionados municipales y autoridades locales, acompa\u00f1ando al comisionado de Garza, Marcos Tenaglia.<\/p>\n<p>Estas obras reflejan el esfuerzo conjunto de la comunidad y el acompa\u00f1amiento del Gobierno de la Provincia, siguiendo los lineamientos del gobernador Gerardo Zamora y el jefe de Gabinete, El\u00edas Su\u00e1rez, consolidando un Estado presente que transforma realidades.<\/p>\n","protected":false},"excerpt":{"rendered":"<p>La localidad de Garza conmemor\u00f3 su 126\u00b0 aniversario con la inauguraci\u00f3n de importantes obras que mejoran la calidad de vida de sus vecinos: el enripiado que une las localidades de&hellip; <\/p>\n","protected":false},"author":1,"featured_media":59797,"comment_status":"closed","ping_status":"closed","sticky":false,"template":"","format":"standard","meta":{"footnotes":""},"categories":[10],"tags":[],"class_list":["post-59796","post","type-post","status-publish","format-standard","has-post-thumbnail","hentry","category-interior"],"_links":{"self":[{"href":"http:\/\/elurbanoweb.com.ar\/diario\/wp-json\/wp\/v2\/posts\/59796","targetHints":{"allow":["GET"]}}],"collection":[{"href":"http:\/\/elurbanoweb.com.ar\/diario\/wp-json\/wp\/v2\/posts"}],"about":[{"href":"http:\/\/elurbanoweb.com.ar\/diario\/wp-json\/wp\/v2\/types\/post"}],"author":[{"embeddable":true,"href":"http:\/\/elurbanoweb.com.ar\/diario\/wp-json\/wp\/v2\/users\/1"}],"replies":[{"embeddable":true,"href":"http:\/\/elurbanoweb.com.ar\/diario\/wp-json\/wp\/v2\/comments?post=59796"}],"version-history":[{"count":1,"href":"http:\/\/elurbanoweb.com.ar\/diario\/wp-json\/wp\/v2\/posts\/59796\/revisions"}],"predecessor-version":[{"id":59798,"href":"http:\/\/elurbanoweb.com.ar\/diario\/wp-json\/wp\/v2\/posts\/59796\/revisions\/59798"}],"wp:featuredmedia":[{"embeddable":true,"href":"http:\/\/elurbanoweb.com.ar\/diario\/wp-json\/wp\/v2\/media\/59797"}],"wp:attachment":[{"href":"http:\/\/elurbanoweb.com.ar\/diario\/wp-json\/wp\/v2\/media?parent=59796"}],"wp:term":[{"taxonomy":"category","embeddable":true,"href":"http:\/\/elurbanoweb.com.ar\/diario\/wp-json\/wp\/v2\/categories?post=59796"},{"taxonomy":"post_tag","embeddable":true,"href":"http:\/\/elurbanoweb.com.ar\/diario\/wp-json\/wp\/v2\/tags?post=59796"}],"curies":[{"name":"wp","href":"https:\/\/api.w.org\/{rel}","templated":true}]}}