{"id":59799,"date":"2025-08-31T10:51:16","date_gmt":"2025-08-31T13:51:16","guid":{"rendered":"https:\/\/elurbanoweb.com.ar\/diario\/?p=59799"},"modified":"2025-08-31T10:51:16","modified_gmt":"2025-08-31T13:51:16","slug":"la-municipalidad-construira-un-espacio-verde-en-el-barrio-mariano-moreno","status":"publish","type":"post","link":"http:\/\/elurbanoweb.com.ar\/diario\/la-municipalidad-construira-un-espacio-verde-en-el-barrio-mariano-moreno\/","title":{"rendered":"La Municipalidad construir\u00e1 un espacio verde en el barrio Mariano Moreno"},"content":{"rendered":"<p>Dentro de su programa Urbano Ambiental, la Municipalidad de la Capital proyecta crear un nuevo espacio verde en el barrio Mariano Moreno, para los vecinos de la zona oeste.<\/p>\n<p><img loading=\"lazy\" decoding=\"async\" class=\"alignnone wp-image-59800 size-large\" src=\"http:\/\/elurbanoweb.com.ar\/diario\/wp-content\/uploads\/2025\/08\/moreno-716x1024.jpg\" alt=\"\" width=\"716\" height=\"1024\" srcset=\"http:\/\/elurbanoweb.com.ar\/diario\/wp-content\/uploads\/2025\/08\/moreno-716x1024.jpg 716w, http:\/\/elurbanoweb.com.ar\/diario\/wp-content\/uploads\/2025\/08\/moreno-210x300.jpg 210w, http:\/\/elurbanoweb.com.ar\/diario\/wp-content\/uploads\/2025\/08\/moreno-105x150.jpg 105w, http:\/\/elurbanoweb.com.ar\/diario\/wp-content\/uploads\/2025\/08\/moreno.jpg 900w\" sizes=\"auto, (max-width: 716px) 100vw, 716px\" \/><\/p>\n<p><!--more--> Se trata de dos fracciones de lotes que fueron expropiados por la comuna que entre ambos suman m\u00e1s de 15.000 metros cuadrados, ubicados en la intersecci\u00f3n de la avenida del Trabajo y la fracci\u00f3n a ocupar por la traza de la calle Andr\u00e9s Chazarreta.<\/p>\n<p>La iniciativa busca incorporar nuevas zonas verdes en la ciudad con equipamiento para la recreaci\u00f3n de las familias, con sectores destinados a actividades f\u00edsicas, juegos infantiles y lugares de permanencia como merenderos, entre otros.<\/p>\n<p>El proyecto de la Municipalidad tambi\u00e9n viene a consolidar el programa Urbano Ambiental que se ejecuta con la construcci\u00f3n y la remodelaci\u00f3n integral de plazas y parques.<\/p>\n","protected":false},"excerpt":{"rendered":"<p>Dentro de su programa Urbano Ambiental, la Municipalidad de la Capital proyecta crear un nuevo espacio verde en el barrio Mariano Moreno, para los vecinos de la zona oeste.<\/p>\n","protected":false},"author":1,"featured_media":59800,"comment_status":"closed","ping_status":"closed","sticky":false,"template":"","format":"standard","meta":{"footnotes":""},"categories":[3],"tags":[],"class_list":["post-59799","post","type-post","status-publish","format-standard","has-post-thumbnail","hentry","category-municipio"],"_links":{"self":[{"href":"http:\/\/elurbanoweb.com.ar\/diario\/wp-json\/wp\/v2\/posts\/59799","targetHints":{"allow":["GET"]}}],"collection":[{"href":"http:\/\/elurbanoweb.com.ar\/diario\/wp-json\/wp\/v2\/posts"}],"about":[{"href":"http:\/\/elurbanoweb.com.ar\/diario\/wp-json\/wp\/v2\/types\/post"}],"author":[{"embeddable":true,"href":"http:\/\/elurbanoweb.com.ar\/diario\/wp-json\/wp\/v2\/users\/1"}],"replies":[{"embeddable":true,"href":"http:\/\/elurbanoweb.com.ar\/diario\/wp-json\/wp\/v2\/comments?post=59799"}],"version-history":[{"count":1,"href":"http:\/\/elurbanoweb.com.ar\/diario\/wp-json\/wp\/v2\/posts\/59799\/revisions"}],"predecessor-version":[{"id":59801,"href":"http:\/\/elurbanoweb.com.ar\/diario\/wp-json\/wp\/v2\/posts\/59799\/revisions\/59801"}],"wp:featuredmedia":[{"embeddable":true,"href":"http:\/\/elurbanoweb.com.ar\/diario\/wp-json\/wp\/v2\/media\/59800"}],"wp:attachment":[{"href":"http:\/\/elurbanoweb.com.ar\/diario\/wp-json\/wp\/v2\/media?parent=59799"}],"wp:term":[{"taxonomy":"category","embeddable":true,"href":"http:\/\/elurbanoweb.com.ar\/diario\/wp-json\/wp\/v2\/categories?post=59799"},{"taxonomy":"post_tag","embeddable":true,"href":"http:\/\/elurbanoweb.com.ar\/diario\/wp-json\/wp\/v2\/tags?post=59799"}],"curies":[{"name":"wp","href":"https:\/\/api.w.org\/{rel}","templated":true}]}}