{"id":59802,"date":"2025-08-31T10:53:50","date_gmt":"2025-08-31T13:53:50","guid":{"rendered":"https:\/\/elurbanoweb.com.ar\/diario\/?p=59802"},"modified":"2025-08-31T10:53:50","modified_gmt":"2025-08-31T13:53:50","slug":"zamora-inauguro-un-moderno-polideportivo-y-entrego-viviendas-sociales-en-suncho-corral","status":"publish","type":"post","link":"http:\/\/elurbanoweb.com.ar\/diario\/zamora-inauguro-un-moderno-polideportivo-y-entrego-viviendas-sociales-en-suncho-corral\/","title":{"rendered":"Zamora inaugur\u00f3 un moderno polideportivo y entreg\u00f3 viviendas sociales en Suncho Corral"},"content":{"rendered":"<p>En el marco de la de festividad en honor a la Virgen Santa Rosa de Lima, el gobernador Gerardo Zamora visit\u00f3 este s\u00e1bado la ciudad de Suncho Corral, departamento Juan Felipe Ibarra, donde dej\u00f3 inaugurado un moderno polideportivo y entreg\u00f3 viviendas sociales.<\/p>\n<p><img loading=\"lazy\" decoding=\"async\" class=\"alignnone wp-image-59803 size-large\" src=\"http:\/\/elurbanoweb.com.ar\/diario\/wp-content\/uploads\/2025\/08\/moderno-1024x681.jpg\" alt=\"\" width=\"1024\" height=\"681\" srcset=\"http:\/\/elurbanoweb.com.ar\/diario\/wp-content\/uploads\/2025\/08\/moderno-1024x681.jpg 1024w, http:\/\/elurbanoweb.com.ar\/diario\/wp-content\/uploads\/2025\/08\/moderno-300x199.jpg 300w, http:\/\/elurbanoweb.com.ar\/diario\/wp-content\/uploads\/2025\/08\/moderno-150x100.jpg 150w, http:\/\/elurbanoweb.com.ar\/diario\/wp-content\/uploads\/2025\/08\/moderno.jpg 1280w\" sizes=\"auto, (max-width: 1024px) 100vw, 1024px\" \/><\/p>\n<p><!--more--><\/p>\n<p>La actividad oficial comenz\u00f3 en el domicilio de Tamara \u00c1lvarez, vecina del barrio Sauce, donde se hizo la entrega simb\u00f3lica de las viviendas sociales que fueron construidas con fondos provinciales y colaboraci\u00f3n de la comuna local, a cargo de Francisco Vittar; de la Asociaci\u00f3n de Fomento Vecinal \u201cTiun Punco\u201d y de la Asociaci\u00f3n Civil \u201cNueva Conciencia\u201d.<\/p>\n<p>Luego el mandatario junto a la comitiva se traslad\u00f3 a la parroquia \u201cSan Miguel Arc\u00e1ngel\u201d, donde fueron recibidos por el p\u00e1rroco Jos\u00e9 Guerra y los sacerdotes de la comunidad Daniel Zarate, Osvaldo Rodr\u00edguez y Juan Cruz Fari\u00f1a, donde hicieron ofrendas florales a Santa Rosa de Lima.<\/p>\n<p><img loading=\"lazy\" decoding=\"async\" class=\"alignnone wp-image-59804 size-full\" src=\"http:\/\/elurbanoweb.com.ar\/diario\/wp-content\/uploads\/2025\/08\/moderno1.jpg\" alt=\"\" width=\"1024\" height=\"650\" srcset=\"http:\/\/elurbanoweb.com.ar\/diario\/wp-content\/uploads\/2025\/08\/moderno1.jpg 1024w, http:\/\/elurbanoweb.com.ar\/diario\/wp-content\/uploads\/2025\/08\/moderno1-300x190.jpg 300w, http:\/\/elurbanoweb.com.ar\/diario\/wp-content\/uploads\/2025\/08\/moderno1-150x95.jpg 150w\" sizes=\"auto, (max-width: 1024px) 100vw, 1024px\" \/><\/p>\n<p>En el polideportivo acompa\u00f1aron a Zamora el vicegobernador Carlos Silva Neder; el jefe de Gabinete, El\u00edas Su\u00e1rez, y los ministros de Obras P\u00fablicas, Aldo Hid, y de Desarrollo Social, \u00c1ngel Niccolai; el secretario de Deportes, Carlos Dapello; el secretario de Obras P\u00fablicas, Jorge Zua\u00edn y el intendente Vittar.<\/p>\n<p>El predio, de 15.600 metros cuadrados, se destaca por su moderno dise\u00f1o. El acceso principal tiene un p\u00f3rtico que da paso a la cancha techada con tribunas y sectores anexos de administraci\u00f3n y sanitarios. La superficie cubierta alcanza los 1.105 metros cuadrados e incluye vestuarios con duchas, n\u00facleos sanitarios, ba\u00f1os para personas con discapacidad, sala de m\u00e1quinas, dep\u00f3sito y gabinete. Adem\u00e1s, posee una salida a la cancha de f\u00fatbol de 70 x 50 metros y equipada con iluminaci\u00f3n artificial.<\/p>\n<p>Tambi\u00e9n en la parte cubierta el polideportivo ofrece canchas para f\u00fatbol 5, b\u00e1squet y v\u00f3ley. La tribuna de hormig\u00f3n armado tiene capacidad para 200 personas sentadas, y el predio dispone de acceso vehicular y una torre met\u00e1lica destinada al suministro de agua potable y riego.<\/p>\n<p>En este marco se entreg\u00f3 adem\u00e1s un cami\u00f3n caja abierta a la Municipalidad de Suncho Corral que ser\u00e1 destinado para obras y servicios en los barrios y en zonas rurales.<\/p>\n<p>Durante la ceremonia Zamora destac\u00f3 la importancia de ejecutar obras en beneficio de los vecinos, tales como las viviendas sociales, a trav\u00e9s del Ministerio de Desarrollo Social y la participaci\u00f3n de municipios y organizaciones civiles a las que convoc\u00f3 a seguir trabajando juntos \u201chasta que no quede ning\u00fan santiague\u00f1o con su techo digno\u201d.<\/p>\n<p>Con respecto al polideportivo, dijo: \u201cEs uno de muchos que venimos construyendo a lo largo y a lo ancho la provincia desde al a\u00f1o pasado, convencidos de que nuestros ni\u00f1os y j\u00f3venes tengan acceso al deporte en mejores condiciones y en todas las disciplinas posibles\u201d.<\/p>\n<p>\u201cHemos determinado muchas pol\u00edticas de Estado, pero el deporte no ha dejado de ser una de ellas. Nuestra preocupaci\u00f3n est\u00e1 desde lo social para que nuestros ni\u00f1os y j\u00f3venes no tengan o por lo menos sean alejados de actividades perniciosas que a veces el ocio, la calle y muchas cosas que hoy afectan a nuestra juventud argentina puedan caer\u201d.<\/p>\n<p>En ese punto agradeci\u00f3 especialmente a las personas que trabajan en la promoci\u00f3n de diferentes disciplinas al considerar que \u201cson parte de esa herramienta necesaria para formar a nuestra juventud\u201d, motivo por el cual el Gobierno apoya a quienes llegan a las altas competencias como parte del crecimiento que se refleja tambi\u00e9n \u201cen infraestructura, en logros nacionales e internacionales con equipos de f\u00fatbol, b\u00e1squet rugby, hockey y con la posibilidad de esta estructura y el acompa\u00f1amiento de las comunas, clubes, instituciones y de todas las personas que solidariamente colaboran para que el deporte se vaya federalizando en todo el territorio provincial\u201d.<\/p>\n<p>La jornada concluy\u00f3 con la representaci\u00f3n art\u00edstica a cargo de las academias de Suncho Corral.<\/p>\n","protected":false},"excerpt":{"rendered":"<p>En el marco de la de festividad en honor a la Virgen Santa Rosa de Lima, el gobernador Gerardo Zamora visit\u00f3 este s\u00e1bado la ciudad de Suncho Corral, departamento Juan&hellip; <\/p>\n","protected":false},"author":1,"featured_media":59803,"comment_status":"closed","ping_status":"closed","sticky":false,"template":"","format":"standard","meta":{"footnotes":""},"categories":[2,10],"tags":[],"class_list":["post-59802","post","type-post","status-publish","format-standard","has-post-thumbnail","hentry","category-gobierno","category-interior"],"_links":{"self":[{"href":"http:\/\/elurbanoweb.com.ar\/diario\/wp-json\/wp\/v2\/posts\/59802","targetHints":{"allow":["GET"]}}],"collection":[{"href":"http:\/\/elurbanoweb.com.ar\/diario\/wp-json\/wp\/v2\/posts"}],"about":[{"href":"http:\/\/elurbanoweb.com.ar\/diario\/wp-json\/wp\/v2\/types\/post"}],"author":[{"embeddable":true,"href":"http:\/\/elurbanoweb.com.ar\/diario\/wp-json\/wp\/v2\/users\/1"}],"replies":[{"embeddable":true,"href":"http:\/\/elurbanoweb.com.ar\/diario\/wp-json\/wp\/v2\/comments?post=59802"}],"version-history":[{"count":1,"href":"http:\/\/elurbanoweb.com.ar\/diario\/wp-json\/wp\/v2\/posts\/59802\/revisions"}],"predecessor-version":[{"id":59805,"href":"http:\/\/elurbanoweb.com.ar\/diario\/wp-json\/wp\/v2\/posts\/59802\/revisions\/59805"}],"wp:featuredmedia":[{"embeddable":true,"href":"http:\/\/elurbanoweb.com.ar\/diario\/wp-json\/wp\/v2\/media\/59803"}],"wp:attachment":[{"href":"http:\/\/elurbanoweb.com.ar\/diario\/wp-json\/wp\/v2\/media?parent=59802"}],"wp:term":[{"taxonomy":"category","embeddable":true,"href":"http:\/\/elurbanoweb.com.ar\/diario\/wp-json\/wp\/v2\/categories?post=59802"},{"taxonomy":"post_tag","embeddable":true,"href":"http:\/\/elurbanoweb.com.ar\/diario\/wp-json\/wp\/v2\/tags?post=59802"}],"curies":[{"name":"wp","href":"https:\/\/api.w.org\/{rel}","templated":true}]}}