{"id":59827,"date":"2025-09-01T15:04:13","date_gmt":"2025-09-01T18:04:13","guid":{"rendered":"https:\/\/elurbanoweb.com.ar\/diario\/?p=59827"},"modified":"2025-09-01T15:04:13","modified_gmt":"2025-09-01T18:04:13","slug":"el-gobernador-gerardo-zamora-inauguro-un-jardin-de-infantes-en-vinara-y-anuncio-importantes-obras","status":"publish","type":"post","link":"http:\/\/elurbanoweb.com.ar\/diario\/el-gobernador-gerardo-zamora-inauguro-un-jardin-de-infantes-en-vinara-y-anuncio-importantes-obras\/","title":{"rendered":"El Gobernador Gerardo Zamora inaugur\u00f3 un Jard\u00edn de Infantes en Vinar\u00e1 y anunci\u00f3 importantes obras"},"content":{"rendered":"<p>El gobernador Gerardo Zamora inaugur\u00f3 este lunes a la ma\u00f1ana el nuevo edificio del Jard\u00edn de Infantes N\u00b0 120 anexo a Escuela N\u00b0 867 \u201cCelestina Ju\u00e1rez de \u00c1vila\u201d de la localidad de Vinar\u00e1, departamento R\u00edo Hondo.<\/p>\n<p><img loading=\"lazy\" decoding=\"async\" class=\"alignnone wp-image-59828 size-large\" src=\"http:\/\/elurbanoweb.com.ar\/diario\/wp-content\/uploads\/2025\/09\/vinara-1024x683.jpg\" alt=\"\" width=\"1024\" height=\"683\" srcset=\"http:\/\/elurbanoweb.com.ar\/diario\/wp-content\/uploads\/2025\/09\/vinara-1024x683.jpg 1024w, http:\/\/elurbanoweb.com.ar\/diario\/wp-content\/uploads\/2025\/09\/vinara-300x200.jpg 300w, http:\/\/elurbanoweb.com.ar\/diario\/wp-content\/uploads\/2025\/09\/vinara-150x100.jpg 150w, http:\/\/elurbanoweb.com.ar\/diario\/wp-content\/uploads\/2025\/09\/vinara-1536x1024.jpg 1536w, http:\/\/elurbanoweb.com.ar\/diario\/wp-content\/uploads\/2025\/09\/vinara.jpg 2048w\" sizes=\"auto, (max-width: 1024px) 100vw, 1024px\" \/><\/p>\n<p><!--more--><\/p>\n<p>Durante su visita, anunci\u00f3 la obra de refacci\u00f3n del edificio de la escuela primaria y la construcci\u00f3n de un polideportivo para esta localidad.<\/p>\n<p>Junto al mandatario estuvieron el vicegobernador Carlos Silva Neder; el jefe de Gabinete, El\u00edas Su\u00e1rez; los ministros de Educaci\u00f3n, Mariela Nassif y de Obras P\u00fablicas, Aldo Hid; el secretario de Obras P\u00fablicas, Jorge Zua\u00edn, quienes fueron recibidos por la comisionada de Vinar\u00e1, Alicia Ju\u00e1rez.<\/p>\n<p><img loading=\"lazy\" decoding=\"async\" class=\"alignnone wp-image-59829 size-full\" src=\"http:\/\/elurbanoweb.com.ar\/diario\/wp-content\/uploads\/2025\/09\/vinara1.jpg\" alt=\"\" width=\"1024\" height=\"683\" srcset=\"http:\/\/elurbanoweb.com.ar\/diario\/wp-content\/uploads\/2025\/09\/vinara1.jpg 1024w, http:\/\/elurbanoweb.com.ar\/diario\/wp-content\/uploads\/2025\/09\/vinara1-300x200.jpg 300w, http:\/\/elurbanoweb.com.ar\/diario\/wp-content\/uploads\/2025\/09\/vinara1-150x100.jpg 150w\" sizes=\"auto, (max-width: 1024px) 100vw, 1024px\" \/><\/p>\n<p>La directora de la escuela primara, Sandra Valor, recibi\u00f3 a las autoridades al llegar al jard\u00edn y expres\u00f3 el profundo agradecimiento de toda la comunidad por la obra realizada. Las nuevas instalaciones del jard\u00edn de infantes cuentan con conexi\u00f3n de internet y est\u00e1n completamente equipadas. All\u00ed concurren 20 alumnos que ya disfrutan de dos salas con sus respectivos grupos sanitarios para ambos sexos; tambi\u00e9n direcci\u00f3n, sanitario, cocina, una galer\u00eda y un patio cubiertos y p\u00f3rtico.<br \/>\nDurante el acto, la directora dijo: \u201cHoy es un d\u00eda que quedar\u00e1 en la memoria de todos quienes formamos parte de este hist\u00f3rico pueblo de Vinar\u00e1\u201d.<\/p>\n<p>Destac\u00f3 el compromiso del gobernador Zamora con la educaci\u00f3n al se\u00f1alar: \u201cEsto demuestra que siempre est\u00e1 cerca de la gente y por m\u00e1s que nos separen kil\u00f3metros, usted estar\u00e1 siempre cerca de nosotros, y que en su coraz\u00f3n Vinar\u00e1 y todos los pueblos del interior tienen un lugar especial. Hoy sentimos la certeza m\u00e1s que nunca que la educaci\u00f3n de nuestros ni\u00f1os est\u00e1 en buenas manos\u201d.<\/p>\n<p>El mandatario santiague\u00f1o agradeci\u00f3 el c\u00e1lido recibimiento de docentes, alumnos y familias de Vinar\u00e1 y poblaciones vecinas. \u201cEs una tradici\u00f3n iniciar la semana con alguna escuela que se inaugura y hoy es una alegr\u00eda hacerlo aqu\u00ed, en localidad de Vinar\u00e1, dejando inaugurado este jard\u00edn de infantes, que tiene que ver con inversi\u00f3n educativa\u201d, subray\u00f3.<\/p>\n<p>Adem\u00e1s ratific\u00f3 la igualdad educativa como bandera de su gesti\u00f3n y de todos quienes integran su equipo de gobierno. \u201cQue cualquier ni\u00f1o o joven de cualquier colegio, por m\u00e1s importante y de la ciudad importante que sea, tenga las mismas condiciones que 20 chiquitos como en este jard\u00edn de infantes. Es decir: equipamiento, infraestructura, condiciones pedag\u00f3gicas, internet como lo tienen aqu\u00ed, y que venimos trabajando para que no quede ninguna escuela, hasta que termine el ciclo lectivo, sin internet. Venimos invirtiendo en educaci\u00f3n para igualar m\u00e1s de 600 jardines de infantes en toda la provincia\u201d, expres\u00f3.<\/p>\n<p>Por otro lado, anunci\u00f3 la obra de refacci\u00f3n de la Escuela N\u00b0 867 \u201cCelestina Ju\u00e1rez de \u00c1vila\u201d y la construcci\u00f3n de un polideportivo para la localidad de Vinar\u00e1. \u201cEs importante recordarnos no solamente en trabajar hacia el interior como federalismo, sino respetar y hacer respetar el federalismo de este pa\u00eds, que no existir\u00eda si no existe en las provincias\u201d\u00b4, remarc\u00f3.<\/p>\n<p>Al finalizar su mensaje, Zamora enfatiz\u00f3: \u201cQueremos a nuestra patria que ayudamos a construir y exigimos tambi\u00e9n que sea una patria igualitaria, solidaria y con posibilidades para todos y para eso la educaci\u00f3n es el principal motorizador, es la gran herramienta\u201d.<\/p>\n","protected":false},"excerpt":{"rendered":"<p>El gobernador Gerardo Zamora inaugur\u00f3 este lunes a la ma\u00f1ana el nuevo edificio del Jard\u00edn de Infantes N\u00b0 120 anexo a Escuela N\u00b0 867 \u201cCelestina Ju\u00e1rez de \u00c1vila\u201d de la&hellip; <\/p>\n","protected":false},"author":1,"featured_media":59828,"comment_status":"closed","ping_status":"closed","sticky":false,"template":"","format":"standard","meta":{"footnotes":""},"categories":[2,10],"tags":[],"class_list":["post-59827","post","type-post","status-publish","format-standard","has-post-thumbnail","hentry","category-gobierno","category-interior"],"_links":{"self":[{"href":"http:\/\/elurbanoweb.com.ar\/diario\/wp-json\/wp\/v2\/posts\/59827","targetHints":{"allow":["GET"]}}],"collection":[{"href":"http:\/\/elurbanoweb.com.ar\/diario\/wp-json\/wp\/v2\/posts"}],"about":[{"href":"http:\/\/elurbanoweb.com.ar\/diario\/wp-json\/wp\/v2\/types\/post"}],"author":[{"embeddable":true,"href":"http:\/\/elurbanoweb.com.ar\/diario\/wp-json\/wp\/v2\/users\/1"}],"replies":[{"embeddable":true,"href":"http:\/\/elurbanoweb.com.ar\/diario\/wp-json\/wp\/v2\/comments?post=59827"}],"version-history":[{"count":1,"href":"http:\/\/elurbanoweb.com.ar\/diario\/wp-json\/wp\/v2\/posts\/59827\/revisions"}],"predecessor-version":[{"id":59830,"href":"http:\/\/elurbanoweb.com.ar\/diario\/wp-json\/wp\/v2\/posts\/59827\/revisions\/59830"}],"wp:featuredmedia":[{"embeddable":true,"href":"http:\/\/elurbanoweb.com.ar\/diario\/wp-json\/wp\/v2\/media\/59828"}],"wp:attachment":[{"href":"http:\/\/elurbanoweb.com.ar\/diario\/wp-json\/wp\/v2\/media?parent=59827"}],"wp:term":[{"taxonomy":"category","embeddable":true,"href":"http:\/\/elurbanoweb.com.ar\/diario\/wp-json\/wp\/v2\/categories?post=59827"},{"taxonomy":"post_tag","embeddable":true,"href":"http:\/\/elurbanoweb.com.ar\/diario\/wp-json\/wp\/v2\/tags?post=59827"}],"curies":[{"name":"wp","href":"https:\/\/api.w.org\/{rel}","templated":true}]}}