{"id":59840,"date":"2025-09-02T09:41:41","date_gmt":"2025-09-02T12:41:41","guid":{"rendered":"https:\/\/elurbanoweb.com.ar\/diario\/?p=59840"},"modified":"2025-09-02T09:41:41","modified_gmt":"2025-09-02T12:41:41","slug":"la-municipalidad-de-forres-y-la-defensoria-del-pueblo-realizaron-un-taller-sobre-consumo-problematico-en-el-colegio-secundario-de-buey-muerto","status":"publish","type":"post","link":"http:\/\/elurbanoweb.com.ar\/diario\/la-municipalidad-de-forres-y-la-defensoria-del-pueblo-realizaron-un-taller-sobre-consumo-problematico-en-el-colegio-secundario-de-buey-muerto\/","title":{"rendered":"La Municipalidad de Forres y la Defensor\u00eda del Pueblo realizaron un taller sobre consumo problem\u00e1tico en el Colegio Secundario de Buey Muerto"},"content":{"rendered":"<p>En el marco de las pol\u00edticas p\u00fablicas orientadas a la prevenci\u00f3n y el cuidado de la salud integral de los adolescentes, Defensor\u00eda del Pueblo de la Provincia, en articulaci\u00f3n con la Municipalidad de Forres, llev\u00f3 a cabo un taller de sensibilizaci\u00f3n y abordaje en consumo problem\u00e1tico destinado a estudiantes del Colegio Secundario de Buey Muerto.<\/p>\n<p><img loading=\"lazy\" decoding=\"async\" class=\"alignnone wp-image-59841 size-large\" src=\"http:\/\/elurbanoweb.com.ar\/diario\/wp-content\/uploads\/2025\/09\/forres-1024x576.jpg\" alt=\"\" width=\"1024\" height=\"576\" srcset=\"http:\/\/elurbanoweb.com.ar\/diario\/wp-content\/uploads\/2025\/09\/forres-1024x576.jpg 1024w, http:\/\/elurbanoweb.com.ar\/diario\/wp-content\/uploads\/2025\/09\/forres-300x169.jpg 300w, http:\/\/elurbanoweb.com.ar\/diario\/wp-content\/uploads\/2025\/09\/forres-150x84.jpg 150w, http:\/\/elurbanoweb.com.ar\/diario\/wp-content\/uploads\/2025\/09\/forres-1536x864.jpg 1536w, http:\/\/elurbanoweb.com.ar\/diario\/wp-content\/uploads\/2025\/09\/forres.jpg 1600w\" sizes=\"auto, (max-width: 1024px) 100vw, 1024px\" \/><\/p>\n<p><!--more-->La jornada tuvo lugar el d\u00eda 29 de Agosto y fue dictada por la Lic. Gabriela Pece y equipo de la Defensor\u00eda del Pueblo que abordaron tem\u00e1ticas vinculadas a las adicciones, el consumo de sustancias psicoactivas, factores de riesgo y protecci\u00f3n, as\u00ed como estrategias de acompa\u00f1amiento y contenci\u00f3n para j\u00f3venes y sus familias.<\/p>\n<p>El taller se desarroll\u00f3 en un formato participativo, promoviendo el di\u00e1logo, la reflexi\u00f3n y el fortalecimiento de v\u00ednculos saludables dentro y fuera del \u00e1mbito escolar. Esta iniciativa forma parte del trabajo conjunto entre organismos locales y provinciales, con el objetivo de generar espacios de prevenci\u00f3n, escucha activa y construcci\u00f3n de redes comunitarias para el abordaje integral de esta problem\u00e1tica.<\/p>\n<p>Desde la Municipalidad de Forres, gesti\u00f3n Belen Abdala se destaca la importancia de este tipo de acciones que permiten acercar herramientas concretas a las instituciones educativas, brindando contenci\u00f3n y orientaci\u00f3n a los j\u00f3venes en situaciones de vulnerabilidad.<\/p>\n<p>Asimismo, se agradece la colaboraci\u00f3n de la Defensor\u00eda del Pueblo por su compromiso con las juventudes y la promoci\u00f3n de derechos en el territorio<\/p>\n","protected":false},"excerpt":{"rendered":"<p>En el marco de las pol\u00edticas p\u00fablicas orientadas a la prevenci\u00f3n y el cuidado de la salud integral de los adolescentes, Defensor\u00eda del Pueblo de la Provincia, en articulaci\u00f3n con&hellip; <\/p>\n","protected":false},"author":1,"featured_media":59841,"comment_status":"closed","ping_status":"closed","sticky":false,"template":"","format":"standard","meta":{"footnotes":""},"categories":[10,16],"tags":[],"class_list":["post-59840","post","type-post","status-publish","format-standard","has-post-thumbnail","hentry","category-interior","category-locales"],"_links":{"self":[{"href":"http:\/\/elurbanoweb.com.ar\/diario\/wp-json\/wp\/v2\/posts\/59840","targetHints":{"allow":["GET"]}}],"collection":[{"href":"http:\/\/elurbanoweb.com.ar\/diario\/wp-json\/wp\/v2\/posts"}],"about":[{"href":"http:\/\/elurbanoweb.com.ar\/diario\/wp-json\/wp\/v2\/types\/post"}],"author":[{"embeddable":true,"href":"http:\/\/elurbanoweb.com.ar\/diario\/wp-json\/wp\/v2\/users\/1"}],"replies":[{"embeddable":true,"href":"http:\/\/elurbanoweb.com.ar\/diario\/wp-json\/wp\/v2\/comments?post=59840"}],"version-history":[{"count":1,"href":"http:\/\/elurbanoweb.com.ar\/diario\/wp-json\/wp\/v2\/posts\/59840\/revisions"}],"predecessor-version":[{"id":59842,"href":"http:\/\/elurbanoweb.com.ar\/diario\/wp-json\/wp\/v2\/posts\/59840\/revisions\/59842"}],"wp:featuredmedia":[{"embeddable":true,"href":"http:\/\/elurbanoweb.com.ar\/diario\/wp-json\/wp\/v2\/media\/59841"}],"wp:attachment":[{"href":"http:\/\/elurbanoweb.com.ar\/diario\/wp-json\/wp\/v2\/media?parent=59840"}],"wp:term":[{"taxonomy":"category","embeddable":true,"href":"http:\/\/elurbanoweb.com.ar\/diario\/wp-json\/wp\/v2\/categories?post=59840"},{"taxonomy":"post_tag","embeddable":true,"href":"http:\/\/elurbanoweb.com.ar\/diario\/wp-json\/wp\/v2\/tags?post=59840"}],"curies":[{"name":"wp","href":"https:\/\/api.w.org\/{rel}","templated":true}]}}