{"id":59872,"date":"2025-09-03T09:51:36","date_gmt":"2025-09-03T12:51:36","guid":{"rendered":"https:\/\/elurbanoweb.com.ar\/diario\/?p=59872"},"modified":"2025-09-03T09:51:36","modified_gmt":"2025-09-03T12:51:36","slug":"la-intendente-fuentes-inspecciono-los-trabajos-de-apertura-de-la-calle-andres-chazarreta-y-anuncio-la-construccion-de-una-plaza","status":"publish","type":"post","link":"http:\/\/elurbanoweb.com.ar\/diario\/la-intendente-fuentes-inspecciono-los-trabajos-de-apertura-de-la-calle-andres-chazarreta-y-anuncio-la-construccion-de-una-plaza\/","title":{"rendered":"La intendente Fuentes inspeccion\u00f3 los trabajos de apertura de la calle Andr\u00e9s Chazarreta y anunci\u00f3 la construcci\u00f3n de una plaza"},"content":{"rendered":"<p>Acompa\u00f1ada por vecinos de la zona oeste, la intendente, Ing. Norma Fuentes, supervis\u00f3 los trabajos de apertura de la calle Andr\u00e9s Chazarreta, desde la Avenida del Trabajo para conectar con Avenida Aguirre, en el barrio Mariano Moreno.<\/p>\n<p><img loading=\"lazy\" decoding=\"async\" class=\"alignnone wp-image-59873 size-large\" src=\"http:\/\/elurbanoweb.com.ar\/diario\/wp-content\/uploads\/2025\/09\/andres1-1024x653.jpg\" alt=\"\" width=\"1024\" height=\"653\" srcset=\"http:\/\/elurbanoweb.com.ar\/diario\/wp-content\/uploads\/2025\/09\/andres1-1024x653.jpg 1024w, http:\/\/elurbanoweb.com.ar\/diario\/wp-content\/uploads\/2025\/09\/andres1-300x191.jpg 300w, http:\/\/elurbanoweb.com.ar\/diario\/wp-content\/uploads\/2025\/09\/andres1-150x96.jpg 150w, http:\/\/elurbanoweb.com.ar\/diario\/wp-content\/uploads\/2025\/09\/andres1.jpg 1280w\" sizes=\"auto, (max-width: 1024px) 100vw, 1024px\" \/><\/p>\n<p><!--more--> Las obras incluyen la limpieza y nivelaci\u00f3n de la calzada en una primera etapa, para posteriormente continuar con la pavimentaci\u00f3n e instalaci\u00f3n de alumbrado p\u00fablico sobre la misma.<\/p>\n<p>\u00abTras la expropiaci\u00f3n por parte del municipio de unos lotes privados que estaban en estado de abandono, pudimos iniciar la apertura de esta calle que conectar\u00e1 dos sectores del barrio Mariano Moreno y optimizar\u00e1 la circulaci\u00f3n vehicular de la zona\u00bb, indic\u00f3 la jefa comunal.<\/p>\n<p>\u00abAdem\u00e1s, en el predio colindante, construiremos un nuevo espacio verde que servir\u00e1 como punto de encuentro y recreaci\u00f3n para las familias, en sinton\u00eda con la pol\u00edtica urbano ambiental que venimos impulsando desde el comienzo de nuestra gesti\u00f3n\u00bb, agreg\u00f3.<\/p>\n<p>La Ing. Fuentes manifest\u00f3 su algarab\u00eda \u00abpor satisfacer un viejo anhelo de los vecinos de este barrio, avanzando en la urbanizaci\u00f3n de un amplio terreno que era usado como dep\u00f3sito de residuos y escombros pero, en poco tiempo, se convertir\u00e1 en una moderna plaza con equipamiento de primera calidad\u00bb.<\/p>\n","protected":false},"excerpt":{"rendered":"<p>Acompa\u00f1ada por vecinos de la zona oeste, la intendente, Ing. Norma Fuentes, supervis\u00f3 los trabajos de apertura de la calle Andr\u00e9s Chazarreta, desde la Avenida del Trabajo para conectar con&hellip; <\/p>\n","protected":false},"author":1,"featured_media":59873,"comment_status":"closed","ping_status":"closed","sticky":false,"template":"","format":"standard","meta":{"footnotes":""},"categories":[3],"tags":[],"class_list":["post-59872","post","type-post","status-publish","format-standard","has-post-thumbnail","hentry","category-municipio"],"_links":{"self":[{"href":"http:\/\/elurbanoweb.com.ar\/diario\/wp-json\/wp\/v2\/posts\/59872","targetHints":{"allow":["GET"]}}],"collection":[{"href":"http:\/\/elurbanoweb.com.ar\/diario\/wp-json\/wp\/v2\/posts"}],"about":[{"href":"http:\/\/elurbanoweb.com.ar\/diario\/wp-json\/wp\/v2\/types\/post"}],"author":[{"embeddable":true,"href":"http:\/\/elurbanoweb.com.ar\/diario\/wp-json\/wp\/v2\/users\/1"}],"replies":[{"embeddable":true,"href":"http:\/\/elurbanoweb.com.ar\/diario\/wp-json\/wp\/v2\/comments?post=59872"}],"version-history":[{"count":1,"href":"http:\/\/elurbanoweb.com.ar\/diario\/wp-json\/wp\/v2\/posts\/59872\/revisions"}],"predecessor-version":[{"id":59874,"href":"http:\/\/elurbanoweb.com.ar\/diario\/wp-json\/wp\/v2\/posts\/59872\/revisions\/59874"}],"wp:featuredmedia":[{"embeddable":true,"href":"http:\/\/elurbanoweb.com.ar\/diario\/wp-json\/wp\/v2\/media\/59873"}],"wp:attachment":[{"href":"http:\/\/elurbanoweb.com.ar\/diario\/wp-json\/wp\/v2\/media?parent=59872"}],"wp:term":[{"taxonomy":"category","embeddable":true,"href":"http:\/\/elurbanoweb.com.ar\/diario\/wp-json\/wp\/v2\/categories?post=59872"},{"taxonomy":"post_tag","embeddable":true,"href":"http:\/\/elurbanoweb.com.ar\/diario\/wp-json\/wp\/v2\/tags?post=59872"}],"curies":[{"name":"wp","href":"https:\/\/api.w.org\/{rel}","templated":true}]}}