{"id":59875,"date":"2025-09-03T09:53:06","date_gmt":"2025-09-03T12:53:06","guid":{"rendered":"https:\/\/elurbanoweb.com.ar\/diario\/?p=59875"},"modified":"2025-09-03T09:53:06","modified_gmt":"2025-09-03T12:53:06","slug":"la-ministra-natividad-nassif-inauguro-el-nuevo-puesto-sanitario-en-alhuampa","status":"publish","type":"post","link":"http:\/\/elurbanoweb.com.ar\/diario\/la-ministra-natividad-nassif-inauguro-el-nuevo-puesto-sanitario-en-alhuampa\/","title":{"rendered":"La Ministra Natividad Nassif inaugur\u00f3 el nuevo puesto sanitario en Alhuampa"},"content":{"rendered":"<p>En representaci\u00f3n del gobernador Gerardo Zamora, la ministra de Salud, Natividad Nassif, encabez\u00f3 la inauguraci\u00f3n del nuevo puesto sanitario en la localidad de Alhuampa, en el departamento Moreno, en el marco del trabajo para el fortalecimiento y articulaci\u00f3n del sistema sanitario en toda la provincia.<\/p>\n<p><img loading=\"lazy\" decoding=\"async\" class=\"alignnone wp-image-59876 size-large\" src=\"http:\/\/elurbanoweb.com.ar\/diario\/wp-content\/uploads\/2025\/09\/moreno1-1024x682.jpg\" alt=\"\" width=\"1024\" height=\"682\" srcset=\"http:\/\/elurbanoweb.com.ar\/diario\/wp-content\/uploads\/2025\/09\/moreno1-1024x682.jpg 1024w, http:\/\/elurbanoweb.com.ar\/diario\/wp-content\/uploads\/2025\/09\/moreno1-300x200.jpg 300w, http:\/\/elurbanoweb.com.ar\/diario\/wp-content\/uploads\/2025\/09\/moreno1-150x100.jpg 150w, http:\/\/elurbanoweb.com.ar\/diario\/wp-content\/uploads\/2025\/09\/moreno1.jpg 1280w\" sizes=\"auto, (max-width: 1024px) 100vw, 1024px\" \/><\/p>\n<p><!--more--><\/p>\n<p>Tambi\u00e9n estuvieron presentes la directora del Interior, Graciela Alzogaray; el secretario de la Comisi\u00f3n Rural de Fomento Vecinal de Alhuampa, Diego Coria; la directora del Hospital Zonal del Tintina, Carla Gerez, y el encargado del nuevo puesto sanitario, Pedro Coria.<\/p>\n<p>Cabe destacar que la posta beneficia directamente a 550 habitantes de la zona y cuenta con equipamiento de primer nivel, sala de enfermer\u00eda, farmacia, sala de espera e insumos.<\/p>\n<p>Las palabras de bienvenida estuvieron a cargo del encargado del nuevo puesto sanitario. A su turno, Gerez destac\u00f3 el mejoramiento de la calidad de atenci\u00f3n en la zona y se refiri\u00f3 a las pol\u00edticas p\u00fablicas impulsadas por el gobernador.<\/p>\n<p>Dijo: \u201cLa atenci\u00f3n que la comunidad recibe ser\u00e1 igual que en todos lados. Somos igual de importantes que todos y eso lo deja en claro el gobernador, como tambi\u00e9n sabemos que para so\u00f1ar debemos hacerlo en grande, esto es uno de ellos, trabajando unidos para todos los vecinos\u201d.<\/p>\n<p>En este contexto, Alzogaray agradeci\u00f3 a los presentes por el reconocimiento y brind\u00f3 detalles del nuevo hospital de Campo Gallo. \u201cQueremos que de esta forma el acceso sea de igual manera para los pobladores, calidad de atenci\u00f3n y que d\u00e9 pie para la articulaci\u00f3n junto a los otros puestos de salud en la zona\u201d, se\u00f1al\u00f3.<\/p>\n<p>Finalmente, Nassif transmiti\u00f3 el saludo del mandatario provincial y exhort\u00f3 a toda la comunidad a \u201ccomprometerse con el trabajo y el futuro que es solo posible con un liderazgo que viene llevando a cabo el gobernador\u201d.<\/p>\n<p>\u201cLa accesibilidad de la salud e igualdad de oportunidades es la b\u00fasqueda que tenemos desde el ministerio, sabemos que conlleva un proceso; es por eso que con esto comenzamos el camino a ello; creciendo en infraestructura y equipamiento acorde a la necesidad de la gente\u201d, subray\u00f3.<\/p>\n","protected":false},"excerpt":{"rendered":"<p>En representaci\u00f3n del gobernador Gerardo Zamora, la ministra de Salud, Natividad Nassif, encabez\u00f3 la inauguraci\u00f3n del nuevo puesto sanitario en la localidad de Alhuampa, en el departamento Moreno, en el&hellip; <\/p>\n","protected":false},"author":1,"featured_media":59876,"comment_status":"closed","ping_status":"closed","sticky":false,"template":"","format":"standard","meta":{"footnotes":""},"categories":[10],"tags":[],"class_list":["post-59875","post","type-post","status-publish","format-standard","has-post-thumbnail","hentry","category-interior"],"_links":{"self":[{"href":"http:\/\/elurbanoweb.com.ar\/diario\/wp-json\/wp\/v2\/posts\/59875","targetHints":{"allow":["GET"]}}],"collection":[{"href":"http:\/\/elurbanoweb.com.ar\/diario\/wp-json\/wp\/v2\/posts"}],"about":[{"href":"http:\/\/elurbanoweb.com.ar\/diario\/wp-json\/wp\/v2\/types\/post"}],"author":[{"embeddable":true,"href":"http:\/\/elurbanoweb.com.ar\/diario\/wp-json\/wp\/v2\/users\/1"}],"replies":[{"embeddable":true,"href":"http:\/\/elurbanoweb.com.ar\/diario\/wp-json\/wp\/v2\/comments?post=59875"}],"version-history":[{"count":1,"href":"http:\/\/elurbanoweb.com.ar\/diario\/wp-json\/wp\/v2\/posts\/59875\/revisions"}],"predecessor-version":[{"id":59877,"href":"http:\/\/elurbanoweb.com.ar\/diario\/wp-json\/wp\/v2\/posts\/59875\/revisions\/59877"}],"wp:featuredmedia":[{"embeddable":true,"href":"http:\/\/elurbanoweb.com.ar\/diario\/wp-json\/wp\/v2\/media\/59876"}],"wp:attachment":[{"href":"http:\/\/elurbanoweb.com.ar\/diario\/wp-json\/wp\/v2\/media?parent=59875"}],"wp:term":[{"taxonomy":"category","embeddable":true,"href":"http:\/\/elurbanoweb.com.ar\/diario\/wp-json\/wp\/v2\/categories?post=59875"},{"taxonomy":"post_tag","embeddable":true,"href":"http:\/\/elurbanoweb.com.ar\/diario\/wp-json\/wp\/v2\/tags?post=59875"}],"curies":[{"name":"wp","href":"https:\/\/api.w.org\/{rel}","templated":true}]}}