{"id":59907,"date":"2025-09-04T09:29:50","date_gmt":"2025-09-04T12:29:50","guid":{"rendered":"https:\/\/elurbanoweb.com.ar\/diario\/?p=59907"},"modified":"2025-09-04T09:29:50","modified_gmt":"2025-09-04T12:29:50","slug":"se-realizara-un-nuevo-encuentro-del-grupo-de-ayuda-terapeutica-acompanarnos","status":"publish","type":"post","link":"http:\/\/elurbanoweb.com.ar\/diario\/se-realizara-un-nuevo-encuentro-del-grupo-de-ayuda-terapeutica-acompanarnos\/","title":{"rendered":"Se realizar\u00e1 un nuevo encuentro del grupo de ayuda terap\u00e9utica \u201cAcompa\u00f1arnos\u201d"},"content":{"rendered":"<p>La pr\u00f3xima reuni\u00f3n ser\u00e1 el viernes 5 a las 15 en las instalaciones de la Biblioteca Popular \u201cJuan Bautista Alberdi\u201d, situada en la intersecci\u00f3n de las calles Soler y Alberdi, en la ciudad de La Banda.<\/p>\n<p><img loading=\"lazy\" decoding=\"async\" class=\"alignnone wp-image-59908 size-full\" src=\"http:\/\/elurbanoweb.com.ar\/diario\/wp-content\/uploads\/2025\/09\/ayuda.jpg\" alt=\"\" width=\"1010\" height=\"567\" srcset=\"http:\/\/elurbanoweb.com.ar\/diario\/wp-content\/uploads\/2025\/09\/ayuda.jpg 1010w, http:\/\/elurbanoweb.com.ar\/diario\/wp-content\/uploads\/2025\/09\/ayuda-300x168.jpg 300w, http:\/\/elurbanoweb.com.ar\/diario\/wp-content\/uploads\/2025\/09\/ayuda-150x84.jpg 150w\" sizes=\"auto, (max-width: 1010px) 100vw, 1010px\" \/><\/p>\n<p><!--more--><\/p>\n<p>En el marco de las pol\u00edticas p\u00fablicas impulsadas por el Intendente Ing. Roger E. Nediani, la Direcci\u00f3n de G\u00e9nero de la Municipalidad de La Banda, comenz\u00f3 a desarrollar una serie de encuentros en el marco del proyecto \u201cAcompa\u00f1arnos\u201d.<\/p>\n<p>Desde el \u00e1rea dependiente de la Secretar\u00eda de Coordinaci\u00f3n y Desarrollo Territorial informaron que esta iniciativa consiste en una serie de encuentros destinados a mujeres que requieran ayuda terap\u00e9utica, acompa\u00f1amiento y contenci\u00f3n, tras haber sufrido situaciones de violencia por motivos de g\u00e9nero.<\/p>\n<p>La pr\u00f3xima reuni\u00f3n ser\u00e1 el viernes 5 a las 15 en las instalaciones de la Biblioteca Popular \u201cJuan Bautista Alberdi\u201d, situada en la intersecci\u00f3n de las calles Soler y Alberdi, en la ciudad de La Banda.<\/p>\n<p>En la oportunidad, la directora de G\u00e9nero, Lic. Bel\u00e9n Benac, explic\u00f3: \u201cEn principio se hab\u00eda pensado esta propuesta para toda aquella mujer que haya atravesado una situaci\u00f3n de violencia por motivos de g\u00e9nero, pero debido a la demanda y a nuestra primera experiencia del a\u00f1o pasado, se han ido acercando otras mujeres que no necesariamente han atravesado por una situaci\u00f3n de violencia.<\/p>\n<p>Sin embargo, estas mujeres necesitaban herramientas para poder aprender lo que suma la interacci\u00f3n social, el hecho de construir redes de contenci\u00f3n entre mujeres, incorporar herramientas como la comunicaci\u00f3n asertiva y tratar temas como la autoestima y el empoderamiento de poder tomar decisiones por cuenta propia.<\/p>\n<p>Entonces, las herramientas que este grupo les da a las participantes les sirven sin la necesidad de haber pasado por una situaci\u00f3n de violencia por motivos de g\u00e9nero. Es por eso que hoy estamos dando inicio el segundo grupo con una gran convocatoria y esperamos que se acerquen m\u00e1s chicas en las pr\u00f3ximas reuniones.<\/p>\n<p>El grupo es abierto a todo p\u00fablico, as\u00ed que invitamos a todas las mujeres que se quieran sumar. Es muy positiva siempre la participaci\u00f3n en estos grupos por lo que planteaba en un principio, nos ayuda a tejer redes de contenci\u00f3n que hacen que este grupo se vuelva totalmente terap\u00e9utico\u201d, finaliz\u00f3 Benac.<\/p>\n","protected":false},"excerpt":{"rendered":"<p>La pr\u00f3xima reuni\u00f3n ser\u00e1 el viernes 5 a las 15 en las instalaciones de la Biblioteca Popular \u201cJuan Bautista Alberdi\u201d, situada en la intersecci\u00f3n de las calles Soler y Alberdi,&hellip; <\/p>\n","protected":false},"author":1,"featured_media":59908,"comment_status":"closed","ping_status":"closed","sticky":false,"template":"","format":"standard","meta":{"footnotes":""},"categories":[9],"tags":[],"class_list":["post-59907","post","type-post","status-publish","format-standard","has-post-thumbnail","hentry","category-la-banda"],"_links":{"self":[{"href":"http:\/\/elurbanoweb.com.ar\/diario\/wp-json\/wp\/v2\/posts\/59907","targetHints":{"allow":["GET"]}}],"collection":[{"href":"http:\/\/elurbanoweb.com.ar\/diario\/wp-json\/wp\/v2\/posts"}],"about":[{"href":"http:\/\/elurbanoweb.com.ar\/diario\/wp-json\/wp\/v2\/types\/post"}],"author":[{"embeddable":true,"href":"http:\/\/elurbanoweb.com.ar\/diario\/wp-json\/wp\/v2\/users\/1"}],"replies":[{"embeddable":true,"href":"http:\/\/elurbanoweb.com.ar\/diario\/wp-json\/wp\/v2\/comments?post=59907"}],"version-history":[{"count":1,"href":"http:\/\/elurbanoweb.com.ar\/diario\/wp-json\/wp\/v2\/posts\/59907\/revisions"}],"predecessor-version":[{"id":59909,"href":"http:\/\/elurbanoweb.com.ar\/diario\/wp-json\/wp\/v2\/posts\/59907\/revisions\/59909"}],"wp:featuredmedia":[{"embeddable":true,"href":"http:\/\/elurbanoweb.com.ar\/diario\/wp-json\/wp\/v2\/media\/59908"}],"wp:attachment":[{"href":"http:\/\/elurbanoweb.com.ar\/diario\/wp-json\/wp\/v2\/media?parent=59907"}],"wp:term":[{"taxonomy":"category","embeddable":true,"href":"http:\/\/elurbanoweb.com.ar\/diario\/wp-json\/wp\/v2\/categories?post=59907"},{"taxonomy":"post_tag","embeddable":true,"href":"http:\/\/elurbanoweb.com.ar\/diario\/wp-json\/wp\/v2\/tags?post=59907"}],"curies":[{"name":"wp","href":"https:\/\/api.w.org\/{rel}","templated":true}]}}