{"id":59914,"date":"2025-09-04T09:34:28","date_gmt":"2025-09-04T12:34:28","guid":{"rendered":"https:\/\/elurbanoweb.com.ar\/diario\/?p=59914"},"modified":"2025-09-04T09:34:28","modified_gmt":"2025-09-04T12:34:28","slug":"la-intendente-fuentes-superviso-la-instalacion-de-semaforos-en-belgrano-y-circunvalacion","status":"publish","type":"post","link":"http:\/\/elurbanoweb.com.ar\/diario\/la-intendente-fuentes-superviso-la-instalacion-de-semaforos-en-belgrano-y-circunvalacion\/","title":{"rendered":"La intendente Fuentes supervis\u00f3 la instalaci\u00f3n de sem\u00e1foros en Belgrano y Circunvalaci\u00f3n"},"content":{"rendered":"<p>La intendente de la Capital, Ing. Norma Fuentes, observ\u00f3 los trabajos de instalaci\u00f3n de los sem\u00e1foros que comenzar\u00e1n a funcionar en avenida Belgrano sur y rotonda de Circunvalaci\u00f3n, a la altura del predio de Vialidad Nacional.<\/p>\n<p><img loading=\"lazy\" decoding=\"async\" class=\"alignnone wp-image-59915 size-large\" src=\"http:\/\/elurbanoweb.com.ar\/diario\/wp-content\/uploads\/2025\/09\/semaforo2-1024x671.jpg\" alt=\"\" width=\"1024\" height=\"671\" srcset=\"http:\/\/elurbanoweb.com.ar\/diario\/wp-content\/uploads\/2025\/09\/semaforo2-1024x671.jpg 1024w, http:\/\/elurbanoweb.com.ar\/diario\/wp-content\/uploads\/2025\/09\/semaforo2-300x197.jpg 300w, http:\/\/elurbanoweb.com.ar\/diario\/wp-content\/uploads\/2025\/09\/semaforo2-150x98.jpg 150w, http:\/\/elurbanoweb.com.ar\/diario\/wp-content\/uploads\/2025\/09\/semaforo2.jpg 1280w\" sizes=\"auto, (max-width: 1024px) 100vw, 1024px\" \/><\/p>\n<p><!--more--> Las tareas se realizan dentro del Programa de Semaforizaci\u00f3n que lleva adelante la Municipalidad con el prop\u00f3sito de ordenar el tr\u00e1nsito vehicular y peatonal, y otorgar mayor seguridad vial.<\/p>\n<p>Durante el recorrido, la jefa comunal inspeccion\u00f3 los aspectos t\u00e9cnicos de los trabajos que desarrollaron los operarios de la Direcci\u00f3n de Electricidad, en coordinaci\u00f3n del \u00e1rea de Tr\u00e1nsito.<\/p>\n<p>Se trata de sem\u00e1foros de 4 tiempos, de alta tecnolog\u00eda, con cabezales con \u00f3pticas leds, decrementadores, columnas, pescantes normalizadores y controladores aptos para onda verde.<\/p>\n<p>En lo que va de gesti\u00f3n municipal se llevan instalados nuevas 57 intersecciones en la ciudad y se cambiaron de tecnolog\u00eda todos los sem\u00e1foros de la ciudad, al migrar todo a matriz de Led para las \u00f3pticas, que representan un total de 219 esquinas.<\/p>\n<p>Adem\u00e1s las direcciones de Tr\u00e1nsito y de Electricidad tiene proyectado instalar nuevos sem\u00e1foros en otras 10 intersecciones de la ciudad.<\/p>\n","protected":false},"excerpt":{"rendered":"<p>La intendente de la Capital, Ing. Norma Fuentes, observ\u00f3 los trabajos de instalaci\u00f3n de los sem\u00e1foros que comenzar\u00e1n a funcionar en avenida Belgrano sur y rotonda de Circunvalaci\u00f3n, a la&hellip; <\/p>\n","protected":false},"author":1,"featured_media":59915,"comment_status":"closed","ping_status":"closed","sticky":false,"template":"","format":"standard","meta":{"footnotes":""},"categories":[3],"tags":[],"class_list":["post-59914","post","type-post","status-publish","format-standard","has-post-thumbnail","hentry","category-municipio"],"_links":{"self":[{"href":"http:\/\/elurbanoweb.com.ar\/diario\/wp-json\/wp\/v2\/posts\/59914","targetHints":{"allow":["GET"]}}],"collection":[{"href":"http:\/\/elurbanoweb.com.ar\/diario\/wp-json\/wp\/v2\/posts"}],"about":[{"href":"http:\/\/elurbanoweb.com.ar\/diario\/wp-json\/wp\/v2\/types\/post"}],"author":[{"embeddable":true,"href":"http:\/\/elurbanoweb.com.ar\/diario\/wp-json\/wp\/v2\/users\/1"}],"replies":[{"embeddable":true,"href":"http:\/\/elurbanoweb.com.ar\/diario\/wp-json\/wp\/v2\/comments?post=59914"}],"version-history":[{"count":1,"href":"http:\/\/elurbanoweb.com.ar\/diario\/wp-json\/wp\/v2\/posts\/59914\/revisions"}],"predecessor-version":[{"id":59916,"href":"http:\/\/elurbanoweb.com.ar\/diario\/wp-json\/wp\/v2\/posts\/59914\/revisions\/59916"}],"wp:featuredmedia":[{"embeddable":true,"href":"http:\/\/elurbanoweb.com.ar\/diario\/wp-json\/wp\/v2\/media\/59915"}],"wp:attachment":[{"href":"http:\/\/elurbanoweb.com.ar\/diario\/wp-json\/wp\/v2\/media?parent=59914"}],"wp:term":[{"taxonomy":"category","embeddable":true,"href":"http:\/\/elurbanoweb.com.ar\/diario\/wp-json\/wp\/v2\/categories?post=59914"},{"taxonomy":"post_tag","embeddable":true,"href":"http:\/\/elurbanoweb.com.ar\/diario\/wp-json\/wp\/v2\/tags?post=59914"}],"curies":[{"name":"wp","href":"https:\/\/api.w.org\/{rel}","templated":true}]}}