{"id":59917,"date":"2025-09-04T09:36:49","date_gmt":"2025-09-04T12:36:49","guid":{"rendered":"https:\/\/elurbanoweb.com.ar\/diario\/?p=59917"},"modified":"2025-09-04T09:36:49","modified_gmt":"2025-09-04T12:36:49","slug":"la-subsecretaria-de-educacion-de-la-municipalidad-convoca-a-una-nueva-cobertura-de-cargos-docentes","status":"publish","type":"post","link":"http:\/\/elurbanoweb.com.ar\/diario\/la-subsecretaria-de-educacion-de-la-municipalidad-convoca-a-una-nueva-cobertura-de-cargos-docentes\/","title":{"rendered":"La Subsecretar\u00eda de Educaci\u00f3n de la municipalidad convoca a una nueva cobertura de cargos docentes"},"content":{"rendered":"<p>La Subsecretar\u00eda de Educaci\u00f3n y Desarrollo Comunitario de la Municipalidad de la Capital inform\u00f3 que a trav\u00e9s del \u00e1rea de Supervisi\u00f3n de Jardines de Infantes convoca a un nuevo acto de opci\u00f3n para la cobertura de cargos docentes en sus jardines de infantes.<\/p>\n<p><img loading=\"lazy\" decoding=\"async\" class=\"alignnone wp-image-59918 size-full\" src=\"http:\/\/elurbanoweb.com.ar\/diario\/wp-content\/uploads\/2025\/09\/convoca.jpg\" alt=\"\" width=\"1010\" height=\"567\" srcset=\"http:\/\/elurbanoweb.com.ar\/diario\/wp-content\/uploads\/2025\/09\/convoca.jpg 1010w, http:\/\/elurbanoweb.com.ar\/diario\/wp-content\/uploads\/2025\/09\/convoca-300x168.jpg 300w, http:\/\/elurbanoweb.com.ar\/diario\/wp-content\/uploads\/2025\/09\/convoca-150x84.jpg 150w\" sizes=\"auto, (max-width: 1010px) 100vw, 1010px\" \/><\/p>\n<p><!--more--><\/p>\n<p>Seg\u00fan los Listados de Orden de M\u00e9rito 2025, son para: maestras de secci\u00f3n interinas y suplentes, con n\u00famero de orden 71 y puntaje 56,73 para el Jard\u00edn de Infantes N\u00b012 \u201cArco Iris\u201d, un cargo de maestra de secci\u00f3n suplente, turno tarde, y para el Jard\u00edn de Infantes N\u00b013 \u201cHormiguita Viajera\u201d, un cargo de maestra de secci\u00f3n suplente para el turno ma\u00f1ana.<\/p>\n<p>En tanto, a partir de la Orden 12, con puntaje 20, 01, se realiza la convocatoria para el puesto de maestra de m\u00fasica suplente para ambos turnos para el Jard\u00edn de Infantes N\u00b010 \u201cLas Ardillitas\u201d.<\/p>\n<p>Los docentes interesados se deber\u00e1n presentar el d\u00eda viernes 5 de septiembre pr\u00f3ximo, a las 8 con 15 minutos de tolerancia en el Sal\u00f3n del primer piso, Block 1 del Complejo \u201cParque Norte\u201d, en Belgrano N\u00b0 800 entre Constituci\u00f3n y Ameghino.<\/p>\n<p>Asimismo deber\u00e1n cumplir con los requisitos: aptitud m\u00e9dica, original y copia; no poseer cargo docente titular al momento de la opci\u00f3n; Declaraci\u00f3n Jurada municipal de cargos y horarios (emitida por Supervisi\u00f3n de Jardines).<\/p>\n","protected":false},"excerpt":{"rendered":"<p>La Subsecretar\u00eda de Educaci\u00f3n y Desarrollo Comunitario de la Municipalidad de la Capital inform\u00f3 que a trav\u00e9s del \u00e1rea de Supervisi\u00f3n de Jardines de Infantes convoca a un nuevo acto&hellip; <\/p>\n","protected":false},"author":1,"featured_media":59918,"comment_status":"closed","ping_status":"closed","sticky":false,"template":"","format":"standard","meta":{"footnotes":""},"categories":[3],"tags":[],"class_list":["post-59917","post","type-post","status-publish","format-standard","has-post-thumbnail","hentry","category-municipio"],"_links":{"self":[{"href":"http:\/\/elurbanoweb.com.ar\/diario\/wp-json\/wp\/v2\/posts\/59917","targetHints":{"allow":["GET"]}}],"collection":[{"href":"http:\/\/elurbanoweb.com.ar\/diario\/wp-json\/wp\/v2\/posts"}],"about":[{"href":"http:\/\/elurbanoweb.com.ar\/diario\/wp-json\/wp\/v2\/types\/post"}],"author":[{"embeddable":true,"href":"http:\/\/elurbanoweb.com.ar\/diario\/wp-json\/wp\/v2\/users\/1"}],"replies":[{"embeddable":true,"href":"http:\/\/elurbanoweb.com.ar\/diario\/wp-json\/wp\/v2\/comments?post=59917"}],"version-history":[{"count":1,"href":"http:\/\/elurbanoweb.com.ar\/diario\/wp-json\/wp\/v2\/posts\/59917\/revisions"}],"predecessor-version":[{"id":59919,"href":"http:\/\/elurbanoweb.com.ar\/diario\/wp-json\/wp\/v2\/posts\/59917\/revisions\/59919"}],"wp:featuredmedia":[{"embeddable":true,"href":"http:\/\/elurbanoweb.com.ar\/diario\/wp-json\/wp\/v2\/media\/59918"}],"wp:attachment":[{"href":"http:\/\/elurbanoweb.com.ar\/diario\/wp-json\/wp\/v2\/media?parent=59917"}],"wp:term":[{"taxonomy":"category","embeddable":true,"href":"http:\/\/elurbanoweb.com.ar\/diario\/wp-json\/wp\/v2\/categories?post=59917"},{"taxonomy":"post_tag","embeddable":true,"href":"http:\/\/elurbanoweb.com.ar\/diario\/wp-json\/wp\/v2\/tags?post=59917"}],"curies":[{"name":"wp","href":"https:\/\/api.w.org\/{rel}","templated":true}]}}