{"id":59923,"date":"2025-09-04T09:40:59","date_gmt":"2025-09-04T12:40:59","guid":{"rendered":"https:\/\/elurbanoweb.com.ar\/diario\/?p=59923"},"modified":"2025-09-04T09:40:59","modified_gmt":"2025-09-04T12:40:59","slug":"por-el-avance-de-obra-de-la-av-colon-habra-desvios-entre-pedro-leon-gallo-y-congreso","status":"publish","type":"post","link":"http:\/\/elurbanoweb.com.ar\/diario\/por-el-avance-de-obra-de-la-av-colon-habra-desvios-entre-pedro-leon-gallo-y-congreso\/","title":{"rendered":"Por el avance de obra de la Av. Col\u00f3n habr\u00e1 desv\u00edos entre Pedro Le\u00f3n Gallo y Congreso"},"content":{"rendered":"<p>En virtud del avance de la obra de repavimentaci\u00f3n de la segunda etapa de la Avenida Col\u00f3n, la Direcci\u00f3n de Tr\u00e1nsito y Transporte de la Municipalidad de la Capital inform\u00f3 que a partir de este jueves se proceder\u00e1 a interrumpir el paso de veh\u00edculos entre las calles Pedro Le\u00f3n Gallo y Congreso.<\/p>\n<p><img loading=\"lazy\" decoding=\"async\" class=\"alignnone wp-image-59924 size-full\" src=\"http:\/\/elurbanoweb.com.ar\/diario\/wp-content\/uploads\/2025\/09\/avance.jpg\" alt=\"\" width=\"811\" height=\"540\" srcset=\"http:\/\/elurbanoweb.com.ar\/diario\/wp-content\/uploads\/2025\/09\/avance.jpg 811w, http:\/\/elurbanoweb.com.ar\/diario\/wp-content\/uploads\/2025\/09\/avance-300x200.jpg 300w, http:\/\/elurbanoweb.com.ar\/diario\/wp-content\/uploads\/2025\/09\/avance-150x100.jpg 150w\" sizes=\"auto, (max-width: 811px) 100vw, 811px\" \/><\/p>\n<p><!--more--> Por lo que, la l\u00ednea de colectivos 118 que circula de oeste a este, modificar\u00e1 su recorrido e ingresar\u00e1 por Sebasti\u00e1n \u00c1balos hasta Congreso para retomar su recorrido habitual.<\/p>\n<p>Por otro lado, comunic\u00f3 que se habilitar\u00e1 Col\u00f3n al tr\u00e1nsito en el tramo entre G\u00fcemes y Alvarado ya que se finaliz\u00f3 el trabajo de la repavimentaci\u00f3n de la calzada.<\/p>\n","protected":false},"excerpt":{"rendered":"<p>En virtud del avance de la obra de repavimentaci\u00f3n de la segunda etapa de la Avenida Col\u00f3n, la Direcci\u00f3n de Tr\u00e1nsito y Transporte de la Municipalidad de la Capital inform\u00f3&hellip; <\/p>\n","protected":false},"author":1,"featured_media":59924,"comment_status":"closed","ping_status":"closed","sticky":false,"template":"","format":"standard","meta":{"footnotes":""},"categories":[3],"tags":[],"class_list":["post-59923","post","type-post","status-publish","format-standard","has-post-thumbnail","hentry","category-municipio"],"_links":{"self":[{"href":"http:\/\/elurbanoweb.com.ar\/diario\/wp-json\/wp\/v2\/posts\/59923","targetHints":{"allow":["GET"]}}],"collection":[{"href":"http:\/\/elurbanoweb.com.ar\/diario\/wp-json\/wp\/v2\/posts"}],"about":[{"href":"http:\/\/elurbanoweb.com.ar\/diario\/wp-json\/wp\/v2\/types\/post"}],"author":[{"embeddable":true,"href":"http:\/\/elurbanoweb.com.ar\/diario\/wp-json\/wp\/v2\/users\/1"}],"replies":[{"embeddable":true,"href":"http:\/\/elurbanoweb.com.ar\/diario\/wp-json\/wp\/v2\/comments?post=59923"}],"version-history":[{"count":1,"href":"http:\/\/elurbanoweb.com.ar\/diario\/wp-json\/wp\/v2\/posts\/59923\/revisions"}],"predecessor-version":[{"id":59925,"href":"http:\/\/elurbanoweb.com.ar\/diario\/wp-json\/wp\/v2\/posts\/59923\/revisions\/59925"}],"wp:featuredmedia":[{"embeddable":true,"href":"http:\/\/elurbanoweb.com.ar\/diario\/wp-json\/wp\/v2\/media\/59924"}],"wp:attachment":[{"href":"http:\/\/elurbanoweb.com.ar\/diario\/wp-json\/wp\/v2\/media?parent=59923"}],"wp:term":[{"taxonomy":"category","embeddable":true,"href":"http:\/\/elurbanoweb.com.ar\/diario\/wp-json\/wp\/v2\/categories?post=59923"},{"taxonomy":"post_tag","embeddable":true,"href":"http:\/\/elurbanoweb.com.ar\/diario\/wp-json\/wp\/v2\/tags?post=59923"}],"curies":[{"name":"wp","href":"https:\/\/api.w.org\/{rel}","templated":true}]}}