{"id":59926,"date":"2025-09-04T09:43:28","date_gmt":"2025-09-04T12:43:28","guid":{"rendered":"https:\/\/elurbanoweb.com.ar\/diario\/?p=59926"},"modified":"2025-09-04T09:43:28","modified_gmt":"2025-09-04T12:43:28","slug":"elias-suarez-jefe-de-gabinete-inauguro-la-repavimentacion-de-la-ruta-el-charco-gramilla","status":"publish","type":"post","link":"http:\/\/elurbanoweb.com.ar\/diario\/elias-suarez-jefe-de-gabinete-inauguro-la-repavimentacion-de-la-ruta-el-charco-gramilla\/","title":{"rendered":"El\u00edas Su\u00e1rez, Jefe de Gabinete, inaugur\u00f3 la repavimentaci\u00f3n de la Ruta El Charco-Gramilla"},"content":{"rendered":"<p>El jefe de Gabinete de la provincia, El\u00edas Su\u00e1rez dej\u00f3 inaugurada este mi\u00e9rcoles por la tarde la repavimentaci\u00f3n de un tramo de 11,800 km de la ruta provincial N\u00b0 8 que une las localidades de El Charco y Gramilla, en el departamento Jim\u00e9nez, oportunidad en la que anunci\u00f3 la continuidad de esta obra hasta la localidad de Ardiles (Dpto. Banda) en un trazado de 22 km.<\/p>\n<p><img loading=\"lazy\" decoding=\"async\" class=\"alignnone wp-image-59927 size-large\" src=\"http:\/\/elurbanoweb.com.ar\/diario\/wp-content\/uploads\/2025\/09\/charco-1024x682.jpg\" alt=\"\" width=\"1024\" height=\"682\" srcset=\"http:\/\/elurbanoweb.com.ar\/diario\/wp-content\/uploads\/2025\/09\/charco-1024x682.jpg 1024w, http:\/\/elurbanoweb.com.ar\/diario\/wp-content\/uploads\/2025\/09\/charco-300x200.jpg 300w, http:\/\/elurbanoweb.com.ar\/diario\/wp-content\/uploads\/2025\/09\/charco-150x100.jpg 150w, http:\/\/elurbanoweb.com.ar\/diario\/wp-content\/uploads\/2025\/09\/charco-1536x1024.jpg 1536w, http:\/\/elurbanoweb.com.ar\/diario\/wp-content\/uploads\/2025\/09\/charco-2048x1365.jpg 2048w\" sizes=\"auto, (max-width: 1024px) 100vw, 1024px\" \/><\/p>\n<p><!--more--><\/p>\n<p>Acompa\u00f1aron el vicegobernador Carlos Silva Neder; los ministros de Obras P\u00fablicas, Aldo Hid, y de Desarrollo Social, \u00c1ngel Niccolai; el secretario de Obras P\u00fablicas, Jorge Zua\u00edn; el presidente del Consejo Provincial de Vialidad, Jos\u00e9 Alfano; el intendente de Las Termas de R\u00edo Hondo, Jorge Mukdise; entre otras autoridades que fueron recibidas por el comisionado municipal de Gramilla, Franco Castro.<\/p>\n<p><img loading=\"lazy\" decoding=\"async\" class=\"alignnone wp-image-59928 size-full\" src=\"http:\/\/elurbanoweb.com.ar\/diario\/wp-content\/uploads\/2025\/09\/charco1.jpg\" alt=\"\" width=\"1024\" height=\"682\" srcset=\"http:\/\/elurbanoweb.com.ar\/diario\/wp-content\/uploads\/2025\/09\/charco1.jpg 1024w, http:\/\/elurbanoweb.com.ar\/diario\/wp-content\/uploads\/2025\/09\/charco1-300x200.jpg 300w, http:\/\/elurbanoweb.com.ar\/diario\/wp-content\/uploads\/2025\/09\/charco1-150x100.jpg 150w\" sizes=\"auto, (max-width: 1024px) 100vw, 1024px\" \/><\/p>\n<p>Las actividades, que se enmarcan en los 110 a\u00f1os de Gramilla que cumplir\u00e1 el 16 de septiembre, comenzaron con el corte de cintas en el acceso a la localidad, donde estuvo presente una gran cantidad de vecinos que manifestaron su benepl\u00e1cito por esta obra que beneficia a toda la regi\u00f3n.<\/p>\n<p>Posteriormente, en el Polideportivo Municipal, se desarroll\u00f3 una ceremonia donde el comisionado Castro expres\u00f3: \u201cEstoy contento de festejar un a\u00f1o m\u00e1s del pueblo inaugurando obras, como la ruta y 500 metros de iluminaci\u00f3n, que significan progreso y crecimiento para nuestra comunidad\u201d.<\/p>\n<p>Luego, Silva Neder manifest\u00f3: \u201cCon el jefe de Gabinete estamos representando al gobernador Zamora para ratificar el compromiso fuerte que tiene el gobierno con este departamento Jim\u00e9nez y con todo los pueblos del territorio provincial\u201d.<\/p>\n<p>Al hacer uso de la palabra, El\u00edas Su\u00e1rez dijo: \u201cGracias por permitirme participar junto a todos los vecinos en un nuevo aniversario de Gramilla. Es muy lindo compartir con ustedes la realizaci\u00f3n de este tramo de El Charco \u2013 Gramilla y anunciar la continuidad de ese trabajo, ya que pr\u00f3ximamente comenzar\u00e1 el tramo de 22 km de Gramilla a Ardiles\u201d.<\/p>\n<p>Destac\u00f3 adem\u00e1s que estas acciones ponen de manifiesto \u201cel empe\u00f1o y el esfuerzo del Gobierno, de poder darle a las distintas poblaciones la posibilidad de desarrollarse y por este camino va a transitar no solamente la producci\u00f3n, tambi\u00e9n el comercio y van a transitar todos nuestros sue\u00f1os que son verdaderamente lo que nos importa y lo que hace al futuro de todos los santiague\u00f1os\u201d.<\/p>\n<p>En otro orden reconoci\u00f3 que es importante todo el trabajo hecho, e hizo especial \u00e9nfasis en las pol\u00edticas educativas.<\/p>\n<p>\u201cLa educaci\u00f3n y la capacitaci\u00f3n es fundamental para nuestro gobierno porque nos abre puertas de cara hacia el futuro y en este sentido venimos generando un proceso que est\u00e1 vinculado con la mejora en la infraestructura escolar, pero tambi\u00e9n en la conectividad y nuestro gobernador se comprometi\u00f3 a dejar conectadas todas las escuelas de las provincias y sin duda lo vamos a lograr hacia fin de a\u00f1o\u201d, se\u00f1al\u00f3.<\/p>\n<p>Al finalizar su mensaje se dirigi\u00f3 a los vecinos y dej\u00f3 el compromiso de seguir trabajando \u201cen la educaci\u00f3n, en una mejor salud, pero tambi\u00e9n acompa\u00f1ando a los sectores productivos, las universidades, las c\u00e1maras empresariales, a los trabajadores, a los productores, vamos a poder seguir creciendo en una provincia que tiene un futuro por delante\u201d.<\/p>\n","protected":false},"excerpt":{"rendered":"<p>El jefe de Gabinete de la provincia, El\u00edas Su\u00e1rez dej\u00f3 inaugurada este mi\u00e9rcoles por la tarde la repavimentaci\u00f3n de un tramo de 11,800 km de la ruta provincial N\u00b0 8&hellip; <\/p>\n","protected":false},"author":1,"featured_media":59927,"comment_status":"closed","ping_status":"closed","sticky":false,"template":"","format":"standard","meta":{"footnotes":""},"categories":[2,10],"tags":[],"class_list":["post-59926","post","type-post","status-publish","format-standard","has-post-thumbnail","hentry","category-gobierno","category-interior"],"_links":{"self":[{"href":"http:\/\/elurbanoweb.com.ar\/diario\/wp-json\/wp\/v2\/posts\/59926","targetHints":{"allow":["GET"]}}],"collection":[{"href":"http:\/\/elurbanoweb.com.ar\/diario\/wp-json\/wp\/v2\/posts"}],"about":[{"href":"http:\/\/elurbanoweb.com.ar\/diario\/wp-json\/wp\/v2\/types\/post"}],"author":[{"embeddable":true,"href":"http:\/\/elurbanoweb.com.ar\/diario\/wp-json\/wp\/v2\/users\/1"}],"replies":[{"embeddable":true,"href":"http:\/\/elurbanoweb.com.ar\/diario\/wp-json\/wp\/v2\/comments?post=59926"}],"version-history":[{"count":1,"href":"http:\/\/elurbanoweb.com.ar\/diario\/wp-json\/wp\/v2\/posts\/59926\/revisions"}],"predecessor-version":[{"id":59929,"href":"http:\/\/elurbanoweb.com.ar\/diario\/wp-json\/wp\/v2\/posts\/59926\/revisions\/59929"}],"wp:featuredmedia":[{"embeddable":true,"href":"http:\/\/elurbanoweb.com.ar\/diario\/wp-json\/wp\/v2\/media\/59927"}],"wp:attachment":[{"href":"http:\/\/elurbanoweb.com.ar\/diario\/wp-json\/wp\/v2\/media?parent=59926"}],"wp:term":[{"taxonomy":"category","embeddable":true,"href":"http:\/\/elurbanoweb.com.ar\/diario\/wp-json\/wp\/v2\/categories?post=59926"},{"taxonomy":"post_tag","embeddable":true,"href":"http:\/\/elurbanoweb.com.ar\/diario\/wp-json\/wp\/v2\/tags?post=59926"}],"curies":[{"name":"wp","href":"https:\/\/api.w.org\/{rel}","templated":true}]}}