{"id":59948,"date":"2025-09-05T00:08:42","date_gmt":"2025-09-05T03:08:42","guid":{"rendered":"https:\/\/elurbanoweb.com.ar\/diario\/?p=59948"},"modified":"2025-09-05T00:08:42","modified_gmt":"2025-09-05T03:08:42","slug":"la-banda-se-prepara-para-la-2da-edicion-de-la-maraton-la-banda-corre","status":"publish","type":"post","link":"http:\/\/elurbanoweb.com.ar\/diario\/la-banda-se-prepara-para-la-2da-edicion-de-la-maraton-la-banda-corre\/","title":{"rendered":"La Banda se prepara para la 2da edici\u00f3n de la marat\u00f3n \u201cLa Banda Corre\u201d"},"content":{"rendered":"<p>La Municipalidad de La Banda, por iniciativa del intendente Ing. Roger El\u00edas Nediani, invita a toda la comunidad a participar de la segunda edici\u00f3n de la \u201cLa Banda Corre\u201d, que se desarrollar\u00e1 el pr\u00f3ximo domingo 21 de septiembre, con largada puntual a las 8 desde la intersecci\u00f3n de Av. Belgrano y Pedro Le\u00f3n Gallo.<\/p>\n<p><img loading=\"lazy\" decoding=\"async\" class=\"alignnone wp-image-59949 size-full\" src=\"http:\/\/elurbanoweb.com.ar\/diario\/wp-content\/uploads\/2025\/09\/largada1.jpg\" alt=\"\" width=\"1010\" height=\"567\" srcset=\"http:\/\/elurbanoweb.com.ar\/diario\/wp-content\/uploads\/2025\/09\/largada1.jpg 1010w, http:\/\/elurbanoweb.com.ar\/diario\/wp-content\/uploads\/2025\/09\/largada1-300x168.jpg 300w, http:\/\/elurbanoweb.com.ar\/diario\/wp-content\/uploads\/2025\/09\/largada1-150x84.jpg 150w\" sizes=\"auto, (max-width: 1010px) 100vw, 1010px\" \/><\/p>\n<p><!--more--><\/p>\n<p>El evento deportivo contar\u00e1 con dos circuitos: 5K participativo: desde la largada hasta la estaci\u00f3n de servicio Axi\u00f3n (Av. Paul Harris), con regreso y finalizaci\u00f3n frente a la Iglesia Santiago Ap\u00f3stol; 10K competitivo: recorrer\u00e1 Av. Belgrano hasta Paul Harris, regreso por Av. Belgrano y desv\u00edo por Rep\u00fablica del L\u00edbano, continuando por calle Andes, Necochea, Lavalle y Besares hasta la llegada.<\/p>\n<p>El intendente Nediani destac\u00f3: \u201cEste evento no solo promueve el deporte y la vida saludable, sino que tambi\u00e9n fortalece el sentido de comunidad. Queremos que sea una fiesta para todas las familias bande\u00f1as, con participaci\u00f3n de corredores locales y de distintas provincias, que prestigian esta carrera con su presencia\u201d.<\/p>\n<p>La competencia contar\u00e1 con la participaci\u00f3n de atletas de \u00e9lite de Buenos Aires, Tucum\u00e1n, Catamarca, y otros puntos del pa\u00eds, entre ellos integrantes del equipo Adidas, lo que garantiza un nivel deportivo de excelencia.<\/p>\n<p>Premiaci\u00f3n 10K General: 1\u00ba puesto: $250.000; 2\u00ba puesto: $200.000; 3\u00ba puesto: $150.000; 4\u00ba puesto: $100.000; 5\u00ba puesto: $50.000.<\/p>\n<p>Las inscripciones pueden realizarse de manera presencial en la Escuela de Programaci\u00f3n y Rob\u00f3tica, sita en Av. Besares Y S\u00e1enz Pe\u00f1a, o a trav\u00e9s del siguiente formulario, https:\/\/forms.gle\/F8WGZr7nWHZfFWYA8.<\/p>\n<p>Los d\u00edas 19 y 20 de septiembre se realizar\u00e1n las acreditaciones y entrega de kits en la Escuela de Rob\u00f3tica, de 9 a 21 (viernes) y de 9 a 18 (s\u00e1bado).<\/p>\n<p>Siendo el domingo 21 de septiembre el d\u00eda de la carrera, durante estas tres jornadas, los vecinos podr\u00e1n disfrutar de feria de emprendedores, juegos, m\u00fasica, sorteos y premios.<\/p>\n<p>Finalmente, el intendente Nediani expres\u00f3: \u201cInvitamos a todos los vecinos y vecinas a sumarse, ya sea corriendo, acompa\u00f1ando o participando de las actividades. Queremos que La Banda Corre se convierta en un cl\u00e1sico que ponga en valor a nuestra ciudad y al deporte como herramienta de integraci\u00f3n\u201d.<\/p>\n<p>Cabe destacar, que desde la organizaci\u00f3n se anunci\u00f3 que dentro de este convocante evento se dar\u00e1 lugar a una \u201cCaminata integrativa e inclusiva\u201d de 2 kil\u00f3metros de recorrido que ser\u00e1 libre y gratuita para todos los que deseen participar.<\/p>\n","protected":false},"excerpt":{"rendered":"<p>La Municipalidad de La Banda, por iniciativa del intendente Ing. Roger El\u00edas Nediani, invita a toda la comunidad a participar de la segunda edici\u00f3n de la \u201cLa Banda Corre\u201d, que&hellip; <\/p>\n","protected":false},"author":1,"featured_media":59949,"comment_status":"closed","ping_status":"closed","sticky":false,"template":"","format":"standard","meta":{"footnotes":""},"categories":[9],"tags":[],"class_list":["post-59948","post","type-post","status-publish","format-standard","has-post-thumbnail","hentry","category-la-banda"],"_links":{"self":[{"href":"http:\/\/elurbanoweb.com.ar\/diario\/wp-json\/wp\/v2\/posts\/59948","targetHints":{"allow":["GET"]}}],"collection":[{"href":"http:\/\/elurbanoweb.com.ar\/diario\/wp-json\/wp\/v2\/posts"}],"about":[{"href":"http:\/\/elurbanoweb.com.ar\/diario\/wp-json\/wp\/v2\/types\/post"}],"author":[{"embeddable":true,"href":"http:\/\/elurbanoweb.com.ar\/diario\/wp-json\/wp\/v2\/users\/1"}],"replies":[{"embeddable":true,"href":"http:\/\/elurbanoweb.com.ar\/diario\/wp-json\/wp\/v2\/comments?post=59948"}],"version-history":[{"count":1,"href":"http:\/\/elurbanoweb.com.ar\/diario\/wp-json\/wp\/v2\/posts\/59948\/revisions"}],"predecessor-version":[{"id":59950,"href":"http:\/\/elurbanoweb.com.ar\/diario\/wp-json\/wp\/v2\/posts\/59948\/revisions\/59950"}],"wp:featuredmedia":[{"embeddable":true,"href":"http:\/\/elurbanoweb.com.ar\/diario\/wp-json\/wp\/v2\/media\/59949"}],"wp:attachment":[{"href":"http:\/\/elurbanoweb.com.ar\/diario\/wp-json\/wp\/v2\/media?parent=59948"}],"wp:term":[{"taxonomy":"category","embeddable":true,"href":"http:\/\/elurbanoweb.com.ar\/diario\/wp-json\/wp\/v2\/categories?post=59948"},{"taxonomy":"post_tag","embeddable":true,"href":"http:\/\/elurbanoweb.com.ar\/diario\/wp-json\/wp\/v2\/tags?post=59948"}],"curies":[{"name":"wp","href":"https:\/\/api.w.org\/{rel}","templated":true}]}}