{"id":60004,"date":"2025-09-06T10:24:40","date_gmt":"2025-09-06T13:24:40","guid":{"rendered":"https:\/\/elurbanoweb.com.ar\/diario\/?p=60004"},"modified":"2025-09-06T10:24:40","modified_gmt":"2025-09-06T13:24:40","slug":"estudiante-santiagueno-representara-a-la-provincia-en-la-olimpiada-nacional-de-fisica","status":"publish","type":"post","link":"http:\/\/elurbanoweb.com.ar\/diario\/estudiante-santiagueno-representara-a-la-provincia-en-la-olimpiada-nacional-de-fisica\/","title":{"rendered":"Estudiante santiague\u00f1o representar\u00e1 a la provincia en la Olimpiada Nacional de F\u00edsica"},"content":{"rendered":"<p>Emanuel Arias, estudiante de 5\u00ba a\u00f1o de la modalidad Ciencias Naturales del Colegio La Asunci\u00f3n, se consagr\u00f3 en el primer lugar de la instancia provincial de la Olimpiada Argentina de F\u00edsica y ser\u00e1 el representante de Santiago del Estero en la fase nacional, que se desarrollar\u00e1 en noviembre.<\/p>\n<p><img loading=\"lazy\" decoding=\"async\" class=\"alignnone wp-image-60005 size-full\" src=\"http:\/\/elurbanoweb.com.ar\/diario\/wp-content\/uploads\/2025\/09\/estudiante.jpg\" alt=\"\" width=\"1010\" height=\"567\" srcset=\"http:\/\/elurbanoweb.com.ar\/diario\/wp-content\/uploads\/2025\/09\/estudiante.jpg 1010w, http:\/\/elurbanoweb.com.ar\/diario\/wp-content\/uploads\/2025\/09\/estudiante-300x168.jpg 300w, http:\/\/elurbanoweb.com.ar\/diario\/wp-content\/uploads\/2025\/09\/estudiante-150x84.jpg 150w\" sizes=\"auto, (max-width: 1010px) 100vw, 1010px\" \/><\/p>\n<p><!--more--><\/p>\n<p>El joven logr\u00f3 la m\u00e1xima puntuaci\u00f3n tras superar varias evaluaciones te\u00f3ricas y experimentales que forman parte de la competencia. Junto a \u00e9l, tambi\u00e9n particip\u00f3 su compa\u00f1ero Marcos Vallejo, quien alcanz\u00f3 el quinto puesto, destac\u00e1ndose ambos por sus resultados.<\/p>\n<p>El profesor Antonio Brevetta, responsable de la preparaci\u00f3n de los alumnos, se mostr\u00f3 orgulloso del desempe\u00f1o de los j\u00f3venes: \u201cFue un trabajo de mucho compromiso. Emanuel y Marcos se prepararon con esfuerzo y constancia, y hoy pueden ver reflejados esos logros\u201d, expres\u00f3.<\/p>\n<p>La Olimpiada Argentina de F\u00edsica (OAF) es organizada por la Facultad de Matem\u00e1tica, Astronom\u00eda, F\u00edsica y Computaci\u00f3n (FAMAF) de la Universidad Nacional de C\u00f3rdoba, con el apoyo de la Secretar\u00eda de Educaci\u00f3n de la Naci\u00f3n. Cada a\u00f1o re\u00fane a estudiantes de todo el pa\u00eds, quienes participan en diferentes instancias que incluyen pruebas te\u00f3ricas y experimentales.<\/p>\n<p>Desde el Colegio La Asunci\u00f3n manifestaron su orgullo por los resultados obtenidos, resaltando que este tipo de cert\u00e1menes no solo fortalecen el aprendizaje, sino que tambi\u00e9n fomentan el pensamiento cr\u00edtico, la resoluci\u00f3n de problemas, el trabajo en equipo y brindan experiencias significativas para el futuro de los estudiantes.<\/p>\n","protected":false},"excerpt":{"rendered":"<p>Emanuel Arias, estudiante de 5\u00ba a\u00f1o de la modalidad Ciencias Naturales del Colegio La Asunci\u00f3n, se consagr\u00f3 en el primer lugar de la instancia provincial de la Olimpiada Argentina de&hellip; <\/p>\n","protected":false},"author":1,"featured_media":60005,"comment_status":"closed","ping_status":"closed","sticky":false,"template":"","format":"standard","meta":{"footnotes":""},"categories":[16],"tags":[],"class_list":["post-60004","post","type-post","status-publish","format-standard","has-post-thumbnail","hentry","category-locales"],"_links":{"self":[{"href":"http:\/\/elurbanoweb.com.ar\/diario\/wp-json\/wp\/v2\/posts\/60004","targetHints":{"allow":["GET"]}}],"collection":[{"href":"http:\/\/elurbanoweb.com.ar\/diario\/wp-json\/wp\/v2\/posts"}],"about":[{"href":"http:\/\/elurbanoweb.com.ar\/diario\/wp-json\/wp\/v2\/types\/post"}],"author":[{"embeddable":true,"href":"http:\/\/elurbanoweb.com.ar\/diario\/wp-json\/wp\/v2\/users\/1"}],"replies":[{"embeddable":true,"href":"http:\/\/elurbanoweb.com.ar\/diario\/wp-json\/wp\/v2\/comments?post=60004"}],"version-history":[{"count":1,"href":"http:\/\/elurbanoweb.com.ar\/diario\/wp-json\/wp\/v2\/posts\/60004\/revisions"}],"predecessor-version":[{"id":60006,"href":"http:\/\/elurbanoweb.com.ar\/diario\/wp-json\/wp\/v2\/posts\/60004\/revisions\/60006"}],"wp:featuredmedia":[{"embeddable":true,"href":"http:\/\/elurbanoweb.com.ar\/diario\/wp-json\/wp\/v2\/media\/60005"}],"wp:attachment":[{"href":"http:\/\/elurbanoweb.com.ar\/diario\/wp-json\/wp\/v2\/media?parent=60004"}],"wp:term":[{"taxonomy":"category","embeddable":true,"href":"http:\/\/elurbanoweb.com.ar\/diario\/wp-json\/wp\/v2\/categories?post=60004"},{"taxonomy":"post_tag","embeddable":true,"href":"http:\/\/elurbanoweb.com.ar\/diario\/wp-json\/wp\/v2\/tags?post=60004"}],"curies":[{"name":"wp","href":"https:\/\/api.w.org\/{rel}","templated":true}]}}