{"id":60079,"date":"2025-09-08T09:30:26","date_gmt":"2025-09-08T12:30:26","guid":{"rendered":"https:\/\/elurbanoweb.com.ar\/diario\/?p=60079"},"modified":"2025-09-08T09:30:26","modified_gmt":"2025-09-08T12:30:26","slug":"la-intendente-fuentes-junto-al-secretario-de-deportes-dapello-premiaron-a-los-ganadores-de-la-maraton-por-los-60-anos-del-iosep","status":"publish","type":"post","link":"http:\/\/elurbanoweb.com.ar\/diario\/la-intendente-fuentes-junto-al-secretario-de-deportes-dapello-premiaron-a-los-ganadores-de-la-maraton-por-los-60-anos-del-iosep\/","title":{"rendered":"La intendente Fuentes junto al secretario de deportes Dapello premiaron a los ganadores de la marat\u00f3n por los 60 a\u00f1os del Iosep"},"content":{"rendered":"<p>La intendente, Ing. Norma Fuentes, y el secretario de Deportes de la Provincia, Carlos Dapello, participaron del acto de premiaci\u00f3n a los ganadores de la marat\u00f3n por el 60\u00b0 aniversario del Iosep en las categor\u00edas de 3, 5 y 10 kil\u00f3metros.<\/p>\n<p><img loading=\"lazy\" decoding=\"async\" class=\"alignnone wp-image-60080 size-large\" src=\"http:\/\/elurbanoweb.com.ar\/diario\/wp-content\/uploads\/2025\/09\/ganadores-1024x682.jpg\" alt=\"\" width=\"1024\" height=\"682\" srcset=\"http:\/\/elurbanoweb.com.ar\/diario\/wp-content\/uploads\/2025\/09\/ganadores-1024x682.jpg 1024w, http:\/\/elurbanoweb.com.ar\/diario\/wp-content\/uploads\/2025\/09\/ganadores-300x200.jpg 300w, http:\/\/elurbanoweb.com.ar\/diario\/wp-content\/uploads\/2025\/09\/ganadores-150x100.jpg 150w, http:\/\/elurbanoweb.com.ar\/diario\/wp-content\/uploads\/2025\/09\/ganadores.jpg 1280w\" sizes=\"auto, (max-width: 1024px) 100vw, 1024px\" \/><\/p>\n<p><!--more--> El presidente de la obra social, Ra\u00fal Ayuch, encabez\u00f3 el acto realizado este domingo en el parque Aguirre ante numerosos atletas. Mientras que la jefa comunal estuvo acompa\u00f1ada por los secretarios de Coordinaci\u00f3n, Daniel Kobyla\u00f1ski y de Gobierno, N\u00e9stor Machado, y del subsecretario del \u00e1rea, Diego Brunet.<\/p>\n<p><img loading=\"lazy\" decoding=\"async\" class=\"alignnone wp-image-60081 size-large\" src=\"http:\/\/elurbanoweb.com.ar\/diario\/wp-content\/uploads\/2025\/09\/ganadores1-1024x683.jpg\" alt=\"\" width=\"1024\" height=\"683\" srcset=\"http:\/\/elurbanoweb.com.ar\/diario\/wp-content\/uploads\/2025\/09\/ganadores1-1024x683.jpg 1024w, http:\/\/elurbanoweb.com.ar\/diario\/wp-content\/uploads\/2025\/09\/ganadores1-300x200.jpg 300w, http:\/\/elurbanoweb.com.ar\/diario\/wp-content\/uploads\/2025\/09\/ganadores1-150x100.jpg 150w, http:\/\/elurbanoweb.com.ar\/diario\/wp-content\/uploads\/2025\/09\/ganadores1-1536x1025.jpg 1536w, http:\/\/elurbanoweb.com.ar\/diario\/wp-content\/uploads\/2025\/09\/ganadores1.jpg 2048w\" sizes=\"auto, (max-width: 1024px) 100vw, 1024px\" \/><\/p>\n<p>La jefa comunal hizo entrega de los trofeos a los atletas que alcanzaron los primeros puestos.<\/p>\n<p>En los 5 km, los premiados fueron: Esteban Guzm\u00e1n, Santiago Novelli y Federico Abraham; mientras que en damas lo hicieron Alejandra C\u00f3rdoba, Mar\u00eda Cecilia Francos y Dalma Castellanos y en caballeros.<\/p>\n<p>En tanto en los 10 km las ganadoras fueron Emilse Olivera, Silvina Delgado y Mar\u00eda Bel\u00e9n D\u00edaz y en los caballeros, Roberto Vega, Carlos Lescano y Facundo S\u00e1nchez.<\/p>\n","protected":false},"excerpt":{"rendered":"<p>La intendente, Ing. Norma Fuentes, y el secretario de Deportes de la Provincia, Carlos Dapello, participaron del acto de premiaci\u00f3n a los ganadores de la marat\u00f3n por el 60\u00b0 aniversario&hellip; <\/p>\n","protected":false},"author":1,"featured_media":60080,"comment_status":"closed","ping_status":"closed","sticky":false,"template":"","format":"standard","meta":{"footnotes":""},"categories":[3],"tags":[],"class_list":["post-60079","post","type-post","status-publish","format-standard","has-post-thumbnail","hentry","category-municipio"],"_links":{"self":[{"href":"http:\/\/elurbanoweb.com.ar\/diario\/wp-json\/wp\/v2\/posts\/60079","targetHints":{"allow":["GET"]}}],"collection":[{"href":"http:\/\/elurbanoweb.com.ar\/diario\/wp-json\/wp\/v2\/posts"}],"about":[{"href":"http:\/\/elurbanoweb.com.ar\/diario\/wp-json\/wp\/v2\/types\/post"}],"author":[{"embeddable":true,"href":"http:\/\/elurbanoweb.com.ar\/diario\/wp-json\/wp\/v2\/users\/1"}],"replies":[{"embeddable":true,"href":"http:\/\/elurbanoweb.com.ar\/diario\/wp-json\/wp\/v2\/comments?post=60079"}],"version-history":[{"count":1,"href":"http:\/\/elurbanoweb.com.ar\/diario\/wp-json\/wp\/v2\/posts\/60079\/revisions"}],"predecessor-version":[{"id":60082,"href":"http:\/\/elurbanoweb.com.ar\/diario\/wp-json\/wp\/v2\/posts\/60079\/revisions\/60082"}],"wp:featuredmedia":[{"embeddable":true,"href":"http:\/\/elurbanoweb.com.ar\/diario\/wp-json\/wp\/v2\/media\/60080"}],"wp:attachment":[{"href":"http:\/\/elurbanoweb.com.ar\/diario\/wp-json\/wp\/v2\/media?parent=60079"}],"wp:term":[{"taxonomy":"category","embeddable":true,"href":"http:\/\/elurbanoweb.com.ar\/diario\/wp-json\/wp\/v2\/categories?post=60079"},{"taxonomy":"post_tag","embeddable":true,"href":"http:\/\/elurbanoweb.com.ar\/diario\/wp-json\/wp\/v2\/tags?post=60079"}],"curies":[{"name":"wp","href":"https:\/\/api.w.org\/{rel}","templated":true}]}}