{"id":60086,"date":"2025-09-08T12:09:52","date_gmt":"2025-09-08T15:09:52","guid":{"rendered":"https:\/\/elurbanoweb.com.ar\/diario\/?p=60086"},"modified":"2025-09-08T12:09:52","modified_gmt":"2025-09-08T15:09:52","slug":"presentamos-el-volumen-4-de-punto-de-encuentro","status":"publish","type":"post","link":"http:\/\/elurbanoweb.com.ar\/diario\/presentamos-el-volumen-4-de-punto-de-encuentro\/","title":{"rendered":"Presentamos el Volumen 4 de \u201cPunto de Encuentro\u201d"},"content":{"rendered":"<p>Un espacio de reflexi\u00f3n y divulgaci\u00f3n sobre extensi\u00f3n, vinculaci\u00f3n y transferencia universitaria de la UNSE<\/p>\n<p><img loading=\"lazy\" decoding=\"async\" class=\"alignnone wp-image-60087 size-large\" src=\"http:\/\/elurbanoweb.com.ar\/diario\/wp-content\/uploads\/2025\/09\/presentacion-819x1024.jpg\" alt=\"\" width=\"819\" height=\"1024\" srcset=\"http:\/\/elurbanoweb.com.ar\/diario\/wp-content\/uploads\/2025\/09\/presentacion-819x1024.jpg 819w, http:\/\/elurbanoweb.com.ar\/diario\/wp-content\/uploads\/2025\/09\/presentacion-240x300.jpg 240w, http:\/\/elurbanoweb.com.ar\/diario\/wp-content\/uploads\/2025\/09\/presentacion-120x150.jpg 120w, http:\/\/elurbanoweb.com.ar\/diario\/wp-content\/uploads\/2025\/09\/presentacion.jpg 1080w\" sizes=\"auto, (max-width: 819px) 100vw, 819px\" \/><\/p>\n<p><!--more-->&#x1f5d3; Jueves 25 de septiembre<br \/>\n&#x23f0; 17 h<br \/>\n&#x1f4cd; Sala Jos\u00e9 Antonio Sosa \u2013 F\u00f3rum Santiago del Estero &#8211; Centro de Convenciones<br \/>\n&#x1f399; Presentadores:<br \/>\n&#x1f538; Ing. H\u00e9ctor Rub\u00e9n Paz<br \/>\n&#x1f538; Mg. Sergio Zamora<br \/>\n&#x1f538; Lic. Gabriela Moyano<br \/>\n&#x1f4cc; Esta presentaci\u00f3n se realiza en el marco de la 15\u00aa Feria del Libro de Santiago del Estero.<\/p>\n<p>Te invitamos a conocer este nuevo volumen que re\u00fane experiencias, saberes y proyectos de nuestra universidad en di\u00e1logo con la comunidad.<\/p>\n","protected":false},"excerpt":{"rendered":"<p>Un espacio de reflexi\u00f3n y divulgaci\u00f3n sobre extensi\u00f3n, vinculaci\u00f3n y transferencia universitaria de la UNSE<\/p>\n","protected":false},"author":1,"featured_media":60087,"comment_status":"closed","ping_status":"closed","sticky":false,"template":"","format":"standard","meta":{"footnotes":""},"categories":[15],"tags":[],"class_list":["post-60086","post","type-post","status-publish","format-standard","has-post-thumbnail","hentry","category-unse"],"_links":{"self":[{"href":"http:\/\/elurbanoweb.com.ar\/diario\/wp-json\/wp\/v2\/posts\/60086","targetHints":{"allow":["GET"]}}],"collection":[{"href":"http:\/\/elurbanoweb.com.ar\/diario\/wp-json\/wp\/v2\/posts"}],"about":[{"href":"http:\/\/elurbanoweb.com.ar\/diario\/wp-json\/wp\/v2\/types\/post"}],"author":[{"embeddable":true,"href":"http:\/\/elurbanoweb.com.ar\/diario\/wp-json\/wp\/v2\/users\/1"}],"replies":[{"embeddable":true,"href":"http:\/\/elurbanoweb.com.ar\/diario\/wp-json\/wp\/v2\/comments?post=60086"}],"version-history":[{"count":1,"href":"http:\/\/elurbanoweb.com.ar\/diario\/wp-json\/wp\/v2\/posts\/60086\/revisions"}],"predecessor-version":[{"id":60088,"href":"http:\/\/elurbanoweb.com.ar\/diario\/wp-json\/wp\/v2\/posts\/60086\/revisions\/60088"}],"wp:featuredmedia":[{"embeddable":true,"href":"http:\/\/elurbanoweb.com.ar\/diario\/wp-json\/wp\/v2\/media\/60087"}],"wp:attachment":[{"href":"http:\/\/elurbanoweb.com.ar\/diario\/wp-json\/wp\/v2\/media?parent=60086"}],"wp:term":[{"taxonomy":"category","embeddable":true,"href":"http:\/\/elurbanoweb.com.ar\/diario\/wp-json\/wp\/v2\/categories?post=60086"},{"taxonomy":"post_tag","embeddable":true,"href":"http:\/\/elurbanoweb.com.ar\/diario\/wp-json\/wp\/v2\/tags?post=60086"}],"curies":[{"name":"wp","href":"https:\/\/api.w.org\/{rel}","templated":true}]}}