{"id":60092,"date":"2025-09-08T12:12:35","date_gmt":"2025-09-08T15:12:35","guid":{"rendered":"https:\/\/elurbanoweb.com.ar\/diario\/?p=60092"},"modified":"2025-09-08T12:12:35","modified_gmt":"2025-09-08T15:12:35","slug":"entregaron-certificados-de-un-curso-de-posgrado-sobre-reporting-gerencial","status":"publish","type":"post","link":"http:\/\/elurbanoweb.com.ar\/diario\/entregaron-certificados-de-un-curso-de-posgrado-sobre-reporting-gerencial\/","title":{"rendered":"Entregaron certificados de un curso de posgrado sobre \u00abReporting Gerencial\u201d"},"content":{"rendered":"<p>Autoridades de la Facultad de Humanidades, Ciencias Sociales y de la Salud de la UNSE encabezaron la entrega de certificados del curso de \u201cPosgrado Reporting Gerencial\u201d, organizado desde la Secretar\u00eda de Posgrado.<\/p>\n<p><img loading=\"lazy\" decoding=\"async\" class=\"alignnone wp-image-60093 size-full\" src=\"http:\/\/elurbanoweb.com.ar\/diario\/wp-content\/uploads\/2025\/09\/gerencial.jpg\" alt=\"\" width=\"1024\" height=\"682\" srcset=\"http:\/\/elurbanoweb.com.ar\/diario\/wp-content\/uploads\/2025\/09\/gerencial.jpg 1024w, http:\/\/elurbanoweb.com.ar\/diario\/wp-content\/uploads\/2025\/09\/gerencial-300x200.jpg 300w, http:\/\/elurbanoweb.com.ar\/diario\/wp-content\/uploads\/2025\/09\/gerencial-150x100.jpg 150w\" sizes=\"auto, (max-width: 1024px) 100vw, 1024px\" \/><\/p>\n<p><!--more--><\/p>\n<p>El acto de entrega estuvo encabezado por el decano de Humanidades, Marcelino Ledesma y la vicedecana, Sandra Moreira; la secretaria de Posgrado, Malvina Lobos; la secretaria Administrativa, Carla Ferreyra; y la secretaria de Ciencia y T\u00e9cnica de la UNSE, quienes estuvieron acompa\u00f1ados por V\u00edctor Fern\u00e1ndez y Marcelo Medina, docentes de la carrera de Licenciatura en Administraci\u00f3n y responsables de la propuesta de formaci\u00f3n.<\/p>\n<p>En ese marco, Marcelino Ledesma reconoci\u00f3 el aporte del equipo que estuvo a cargo del curso de posgrado y destac\u00f3 que desde la Facultad \u201cestamos trabajando en la manera de continuar poniendo recursos en gestionar y volcarlos a las carreras\u201d.<\/p>\n<p>\u201cEsta propuesta forma parte de esa pol\u00edtica de gesti\u00f3n y viene a poner en la agenda una tem\u00e1tica que no estaba abordada en profundidad, con una mirada acad\u00e9mica que viene a complementar la formaci\u00f3n profesional\u201d.<\/p>\n<p>El decano expres\u00f3 adem\u00e1s que \u00abeste curso es una posibilidad formativa que para nosotros siempre tiene que tener una caracter\u00edstica de accesibilidad y ponerla al alcance de todos, eso nos ha permitido tambi\u00e9n poder poner este curso de posgrado sin arancelamiento, que se los lleva adelante tambi\u00e9n con el acompa\u00f1amiento de un gran equipo docente\u00bb.<\/p>\n<p>Por su parte, Sandra Moreira agradeci\u00f3 a todos los profesionales \u00abpor continuar eligiendo la universidad p\u00fablica para formarse\u00bb, as\u00ed como tambi\u00e9n al equipo docente.<br \/>\n\u00abLa posibilidad que la universidad p\u00fablica nos brinda de poder formarnos en una propuesta de posgrado es muy importante para cualquier profesional\u00bb, indic\u00f3al respecto.<\/p>\n<p>Asimismo, destac\u00f3 la participaci\u00f3n de los docentes en el curso al expresar: \u00abQue podamos formarnos y hacerlo junto con los egresados para nosotros es muy significativo y se los agradezco, as\u00ed como tambi\u00e9n a los egresados, por seguir apostando a la universidad p\u00fablica y siguen form\u00e1ndose a partir de la elecci\u00f3n de estas porpuestas\u00bb.<br \/>\nFinalmente, la vicedecana felicit\u00f3 a los profesionales y celebr\u00f3 que \u00abhayan cumplido con un objetivo porque a nosotros nos genera mucho orgullo\u00bb.<\/p>\n","protected":false},"excerpt":{"rendered":"<p>Autoridades de la Facultad de Humanidades, Ciencias Sociales y de la Salud de la UNSE encabezaron la entrega de certificados del curso de \u201cPosgrado Reporting Gerencial\u201d, organizado desde la Secretar\u00eda&hellip; <\/p>\n","protected":false},"author":1,"featured_media":60093,"comment_status":"closed","ping_status":"closed","sticky":false,"template":"","format":"standard","meta":{"footnotes":""},"categories":[15],"tags":[],"class_list":["post-60092","post","type-post","status-publish","format-standard","has-post-thumbnail","hentry","category-unse"],"_links":{"self":[{"href":"http:\/\/elurbanoweb.com.ar\/diario\/wp-json\/wp\/v2\/posts\/60092","targetHints":{"allow":["GET"]}}],"collection":[{"href":"http:\/\/elurbanoweb.com.ar\/diario\/wp-json\/wp\/v2\/posts"}],"about":[{"href":"http:\/\/elurbanoweb.com.ar\/diario\/wp-json\/wp\/v2\/types\/post"}],"author":[{"embeddable":true,"href":"http:\/\/elurbanoweb.com.ar\/diario\/wp-json\/wp\/v2\/users\/1"}],"replies":[{"embeddable":true,"href":"http:\/\/elurbanoweb.com.ar\/diario\/wp-json\/wp\/v2\/comments?post=60092"}],"version-history":[{"count":1,"href":"http:\/\/elurbanoweb.com.ar\/diario\/wp-json\/wp\/v2\/posts\/60092\/revisions"}],"predecessor-version":[{"id":60094,"href":"http:\/\/elurbanoweb.com.ar\/diario\/wp-json\/wp\/v2\/posts\/60092\/revisions\/60094"}],"wp:featuredmedia":[{"embeddable":true,"href":"http:\/\/elurbanoweb.com.ar\/diario\/wp-json\/wp\/v2\/media\/60093"}],"wp:attachment":[{"href":"http:\/\/elurbanoweb.com.ar\/diario\/wp-json\/wp\/v2\/media?parent=60092"}],"wp:term":[{"taxonomy":"category","embeddable":true,"href":"http:\/\/elurbanoweb.com.ar\/diario\/wp-json\/wp\/v2\/categories?post=60092"},{"taxonomy":"post_tag","embeddable":true,"href":"http:\/\/elurbanoweb.com.ar\/diario\/wp-json\/wp\/v2\/tags?post=60092"}],"curies":[{"name":"wp","href":"https:\/\/api.w.org\/{rel}","templated":true}]}}