{"id":60282,"date":"2025-09-12T13:55:03","date_gmt":"2025-09-12T16:55:03","guid":{"rendered":"https:\/\/elurbanoweb.com.ar\/diario\/?p=60282"},"modified":"2025-09-12T13:55:03","modified_gmt":"2025-09-12T16:55:03","slug":"santiago-suma-mas-desarrollo-industrial-con-la-inauguracion-de-una-nueva-planta-de-j-f-neumaticos","status":"publish","type":"post","link":"http:\/\/elurbanoweb.com.ar\/diario\/santiago-suma-mas-desarrollo-industrial-con-la-inauguracion-de-una-nueva-planta-de-j-f-neumaticos\/","title":{"rendered":"Santiago suma m\u00e1s desarrollo industrial con la inauguraci\u00f3n de una nueva planta de J.F. Neum\u00e1ticos"},"content":{"rendered":"<p>Con la presencia del gobernador Gerardo Zamora, se inaugur\u00f3 este viernes la nueva planta industrial de J.F. Neum\u00e1ticos, ubicada sobre Ruta Provincial N\u00b0208, entre Ruta Nacional N\u00b09 y Avenida Madre de Ciudades.<\/p>\n<p><img loading=\"lazy\" decoding=\"async\" class=\"alignnone wp-image-60284 size-large\" src=\"http:\/\/elurbanoweb.com.ar\/diario\/wp-content\/uploads\/2025\/09\/nuematicos-1024x682.jpg\" alt=\"\" width=\"1024\" height=\"682\" srcset=\"http:\/\/elurbanoweb.com.ar\/diario\/wp-content\/uploads\/2025\/09\/nuematicos-1024x682.jpg 1024w, http:\/\/elurbanoweb.com.ar\/diario\/wp-content\/uploads\/2025\/09\/nuematicos-300x200.jpg 300w, http:\/\/elurbanoweb.com.ar\/diario\/wp-content\/uploads\/2025\/09\/nuematicos-150x100.jpg 150w, http:\/\/elurbanoweb.com.ar\/diario\/wp-content\/uploads\/2025\/09\/nuematicos.jpg 1280w\" sizes=\"auto, (max-width: 1024px) 100vw, 1024px\" \/><\/p>\n<p><!--more--><\/p>\n<p>El establecimiento cuenta con 2.600 m\u00b2 cubiertos y un galp\u00f3n de 1.000 m\u00b2, equipado con tecnolog\u00eda de \u00faltima generaci\u00f3n, \u00fanica en el NOA, para la reconstrucci\u00f3n de neum\u00e1ticos de camiones, colectivos, veh\u00edculos agr\u00edcolas e industriales. Este sistema permite prolongar la vida \u00fatil de los rodados, abaratar costos de transporte y aportar a la econom\u00eda circular, reduciendo el impacto ambiental.<\/p>\n<p>Adem\u00e1s de su perfil productivo, el emprendimiento reafirma un compromiso educativo y social. A trav\u00e9s del programa \u201cConociendo mi Industria\u201d, abrir\u00e1 sus puertas a estudiantes, brindando oportunidades de formaci\u00f3n y espacios de recreaci\u00f3n que fortalecen la relaci\u00f3n entre la industria y la comunidad.<\/p>\n<p>El acto cont\u00f3 con la presencia del vicegobernador Carlos Silva Neder; el jefe de Gabinete, El\u00edas Su\u00e1rez; los ministros Miguel Mandrille (Producci\u00f3n) y Marcelo Barbur (Gobierno, Seguridad y Culto); el subsecretario de Industria, Llamil Abdala; la secretaria de Trabajo, Julia Com\u00e1n; y la intendente de la Capital, Norma Fuentes.<\/p>\n","protected":false},"excerpt":{"rendered":"<p>Con la presencia del gobernador Gerardo Zamora, se inaugur\u00f3 este viernes la nueva planta industrial de J.F. Neum\u00e1ticos, ubicada sobre Ruta Provincial N\u00b0208, entre Ruta Nacional N\u00b09 y Avenida Madre&hellip; <\/p>\n","protected":false},"author":1,"featured_media":60284,"comment_status":"closed","ping_status":"closed","sticky":false,"template":"","format":"standard","meta":{"footnotes":""},"categories":[2],"tags":[],"class_list":["post-60282","post","type-post","status-publish","format-standard","has-post-thumbnail","hentry","category-gobierno"],"_links":{"self":[{"href":"http:\/\/elurbanoweb.com.ar\/diario\/wp-json\/wp\/v2\/posts\/60282","targetHints":{"allow":["GET"]}}],"collection":[{"href":"http:\/\/elurbanoweb.com.ar\/diario\/wp-json\/wp\/v2\/posts"}],"about":[{"href":"http:\/\/elurbanoweb.com.ar\/diario\/wp-json\/wp\/v2\/types\/post"}],"author":[{"embeddable":true,"href":"http:\/\/elurbanoweb.com.ar\/diario\/wp-json\/wp\/v2\/users\/1"}],"replies":[{"embeddable":true,"href":"http:\/\/elurbanoweb.com.ar\/diario\/wp-json\/wp\/v2\/comments?post=60282"}],"version-history":[{"count":1,"href":"http:\/\/elurbanoweb.com.ar\/diario\/wp-json\/wp\/v2\/posts\/60282\/revisions"}],"predecessor-version":[{"id":60285,"href":"http:\/\/elurbanoweb.com.ar\/diario\/wp-json\/wp\/v2\/posts\/60282\/revisions\/60285"}],"wp:featuredmedia":[{"embeddable":true,"href":"http:\/\/elurbanoweb.com.ar\/diario\/wp-json\/wp\/v2\/media\/60284"}],"wp:attachment":[{"href":"http:\/\/elurbanoweb.com.ar\/diario\/wp-json\/wp\/v2\/media?parent=60282"}],"wp:term":[{"taxonomy":"category","embeddable":true,"href":"http:\/\/elurbanoweb.com.ar\/diario\/wp-json\/wp\/v2\/categories?post=60282"},{"taxonomy":"post_tag","embeddable":true,"href":"http:\/\/elurbanoweb.com.ar\/diario\/wp-json\/wp\/v2\/tags?post=60282"}],"curies":[{"name":"wp","href":"https:\/\/api.w.org\/{rel}","templated":true}]}}