{"id":60315,"date":"2025-09-13T09:34:27","date_gmt":"2025-09-13T12:34:27","guid":{"rendered":"https:\/\/elurbanoweb.com.ar\/diario\/?p=60315"},"modified":"2025-09-13T09:34:27","modified_gmt":"2025-09-13T12:34:27","slug":"presentaron-la-copa-del-mundo-de-bmx-que-se-disputara-en-santiago-del-estero","status":"publish","type":"post","link":"http:\/\/elurbanoweb.com.ar\/diario\/presentaron-la-copa-del-mundo-de-bmx-que-se-disputara-en-santiago-del-estero\/","title":{"rendered":"Presentaron la Copa del Mundo de BMX que se disputar\u00e1 en Santiago del Estero"},"content":{"rendered":"<p>La Copa del Mundo de BMX volver\u00e1 a Santiago del Estero los pr\u00f3ximos 20 y 21 de septiembre de 2025, en el emblem\u00e1tico circuito \u00ab14 de abril\u00bb, conocido mundialmente como \u201cLa Catedral del BMX\u201d.<\/p>\n<p><img loading=\"lazy\" decoding=\"async\" class=\"alignnone wp-image-60316 size-full\" src=\"http:\/\/elurbanoweb.com.ar\/diario\/wp-content\/uploads\/2025\/09\/presentaron1.jpg\" alt=\"\" width=\"1010\" height=\"567\" srcset=\"http:\/\/elurbanoweb.com.ar\/diario\/wp-content\/uploads\/2025\/09\/presentaron1.jpg 1010w, http:\/\/elurbanoweb.com.ar\/diario\/wp-content\/uploads\/2025\/09\/presentaron1-300x168.jpg 300w, http:\/\/elurbanoweb.com.ar\/diario\/wp-content\/uploads\/2025\/09\/presentaron1-150x84.jpg 150w\" sizes=\"auto, (max-width: 1010px) 100vw, 1010px\" \/><\/p>\n<p><!--more--><\/p>\n<p>El anuncio oficial se realiz\u00f3 en conferencia de prensa encabezada por el Secretario de Deportes Carlos Dapello y el presidente de la Federaci\u00f3n Argentina de BMX H\u00e9ctor Ciappiano, junto a pilotos de Brasil, Chile, Ecuador y Argentina.<\/p>\n<p>La competencia reunir\u00e1 a los mejores pilotos de BMX del mundo, consolidando a la capital santiague\u00f1a como un escenario de referencia internacional. Con una organizaci\u00f3n reconocida y el fervor de un p\u00fablico que siempre acompa\u00f1a, se espera un espect\u00e1culo de primer nivel que ratifique la importancia de Santiago en el calendario deportivo global.<\/p>\n","protected":false},"excerpt":{"rendered":"<p>La Copa del Mundo de BMX volver\u00e1 a Santiago del Estero los pr\u00f3ximos 20 y 21 de septiembre de 2025, en el emblem\u00e1tico circuito \u00ab14 de abril\u00bb, conocido mundialmente como&hellip; <\/p>\n","protected":false},"author":1,"featured_media":60316,"comment_status":"closed","ping_status":"closed","sticky":false,"template":"","format":"standard","meta":{"footnotes":""},"categories":[4],"tags":[],"class_list":["post-60315","post","type-post","status-publish","format-standard","has-post-thumbnail","hentry","category-deportes"],"_links":{"self":[{"href":"http:\/\/elurbanoweb.com.ar\/diario\/wp-json\/wp\/v2\/posts\/60315","targetHints":{"allow":["GET"]}}],"collection":[{"href":"http:\/\/elurbanoweb.com.ar\/diario\/wp-json\/wp\/v2\/posts"}],"about":[{"href":"http:\/\/elurbanoweb.com.ar\/diario\/wp-json\/wp\/v2\/types\/post"}],"author":[{"embeddable":true,"href":"http:\/\/elurbanoweb.com.ar\/diario\/wp-json\/wp\/v2\/users\/1"}],"replies":[{"embeddable":true,"href":"http:\/\/elurbanoweb.com.ar\/diario\/wp-json\/wp\/v2\/comments?post=60315"}],"version-history":[{"count":1,"href":"http:\/\/elurbanoweb.com.ar\/diario\/wp-json\/wp\/v2\/posts\/60315\/revisions"}],"predecessor-version":[{"id":60317,"href":"http:\/\/elurbanoweb.com.ar\/diario\/wp-json\/wp\/v2\/posts\/60315\/revisions\/60317"}],"wp:featuredmedia":[{"embeddable":true,"href":"http:\/\/elurbanoweb.com.ar\/diario\/wp-json\/wp\/v2\/media\/60316"}],"wp:attachment":[{"href":"http:\/\/elurbanoweb.com.ar\/diario\/wp-json\/wp\/v2\/media?parent=60315"}],"wp:term":[{"taxonomy":"category","embeddable":true,"href":"http:\/\/elurbanoweb.com.ar\/diario\/wp-json\/wp\/v2\/categories?post=60315"},{"taxonomy":"post_tag","embeddable":true,"href":"http:\/\/elurbanoweb.com.ar\/diario\/wp-json\/wp\/v2\/tags?post=60315"}],"curies":[{"name":"wp","href":"https:\/\/api.w.org\/{rel}","templated":true}]}}