{"id":60349,"date":"2025-09-14T11:01:31","date_gmt":"2025-09-14T14:01:31","guid":{"rendered":"https:\/\/elurbanoweb.com.ar\/diario\/?p=60349"},"modified":"2025-09-14T11:01:31","modified_gmt":"2025-09-14T14:01:31","slug":"la-banda-desplego-operativos-de-limpieza-y-desmalezamiento-en-diferentes-sectores-de-la-ciudad","status":"publish","type":"post","link":"http:\/\/elurbanoweb.com.ar\/diario\/la-banda-desplego-operativos-de-limpieza-y-desmalezamiento-en-diferentes-sectores-de-la-ciudad\/","title":{"rendered":"La Banda despleg\u00f3 operativos de limpieza y desmalezamiento en diferentes sectores de la ciudad"},"content":{"rendered":"<p>La Secretar\u00eda de Servicios P\u00fablicos concret\u00f3 trabajos de limpieza y desmalezamiento en diferentes sectores de la ciudad de La Banda con el objetivo de mantener en \u00f3ptimas condiciones los espacios p\u00fablicos.<\/p>\n<p><img loading=\"lazy\" decoding=\"async\" class=\"alignnone wp-image-60350 size-full\" src=\"http:\/\/elurbanoweb.com.ar\/diario\/wp-content\/uploads\/2025\/09\/sectores2.jpg\" alt=\"\" width=\"1010\" height=\"567\" srcset=\"http:\/\/elurbanoweb.com.ar\/diario\/wp-content\/uploads\/2025\/09\/sectores2.jpg 1010w, http:\/\/elurbanoweb.com.ar\/diario\/wp-content\/uploads\/2025\/09\/sectores2-300x168.jpg 300w, http:\/\/elurbanoweb.com.ar\/diario\/wp-content\/uploads\/2025\/09\/sectores2-150x84.jpg 150w\" sizes=\"auto, (max-width: 1010px) 100vw, 1010px\" \/><\/p>\n<p><!--more--><\/p>\n<p>El personal del Obrador San Carlos llev\u00f3 a cabo trabajos simult\u00e1neos a lo largo de la Av. Libertador y de calle Paul Harris retirando de la v\u00eda p\u00fablica importantes cantidades de basura, ramas y restos de obra.<\/p>\n<p>De igual manera, el personal del Obrador San Fernando realiz\u00f3 la erradicaci\u00f3n de mini basurales sobre las calles 10, 11 y 12 del barrio Para\u00edso.<\/p>\n<p>Asimismo, los trabajadores de la Direcci\u00f3n de Parques y Paseos realizaron tareas de desmalezado en los espacios verdes ubicados en Av. Julio Argentino Jerez.<\/p>\n<p>Levantado de ramas y restos de poda en Avenidas Besares, Belgrano, Bolivia, Julio Argentino Jerez, as\u00ed tambi\u00e9n en las calles Pueyrred\u00f3n, S\u00e1enz Pe\u00f1a, Urquiza, Quintana,, Rivadavia, Garay, Irigoyen, Las Heras, Lavalle, Antenor \u00c1lvarez, Pedro Le\u00f3n Gallo, Soler, Balcarce, entre otras.<\/p>\n<p>En este sentido, la Municipalidad de La Banda hace un llamado a la colaboraci\u00f3n de los vecinos para contribuir con la limpieza de los espacios p\u00fablicos con el objetivo de propiciar un entorno m\u00e1s limpio y saludable para todos.<\/p>\n","protected":false},"excerpt":{"rendered":"<p>La Secretar\u00eda de Servicios P\u00fablicos concret\u00f3 trabajos de limpieza y desmalezamiento en diferentes sectores de la ciudad de La Banda con el objetivo de mantener en \u00f3ptimas condiciones los espacios&hellip; <\/p>\n","protected":false},"author":1,"featured_media":60350,"comment_status":"closed","ping_status":"closed","sticky":false,"template":"","format":"standard","meta":{"footnotes":""},"categories":[9],"tags":[],"class_list":["post-60349","post","type-post","status-publish","format-standard","has-post-thumbnail","hentry","category-la-banda"],"_links":{"self":[{"href":"http:\/\/elurbanoweb.com.ar\/diario\/wp-json\/wp\/v2\/posts\/60349","targetHints":{"allow":["GET"]}}],"collection":[{"href":"http:\/\/elurbanoweb.com.ar\/diario\/wp-json\/wp\/v2\/posts"}],"about":[{"href":"http:\/\/elurbanoweb.com.ar\/diario\/wp-json\/wp\/v2\/types\/post"}],"author":[{"embeddable":true,"href":"http:\/\/elurbanoweb.com.ar\/diario\/wp-json\/wp\/v2\/users\/1"}],"replies":[{"embeddable":true,"href":"http:\/\/elurbanoweb.com.ar\/diario\/wp-json\/wp\/v2\/comments?post=60349"}],"version-history":[{"count":1,"href":"http:\/\/elurbanoweb.com.ar\/diario\/wp-json\/wp\/v2\/posts\/60349\/revisions"}],"predecessor-version":[{"id":60351,"href":"http:\/\/elurbanoweb.com.ar\/diario\/wp-json\/wp\/v2\/posts\/60349\/revisions\/60351"}],"wp:featuredmedia":[{"embeddable":true,"href":"http:\/\/elurbanoweb.com.ar\/diario\/wp-json\/wp\/v2\/media\/60350"}],"wp:attachment":[{"href":"http:\/\/elurbanoweb.com.ar\/diario\/wp-json\/wp\/v2\/media?parent=60349"}],"wp:term":[{"taxonomy":"category","embeddable":true,"href":"http:\/\/elurbanoweb.com.ar\/diario\/wp-json\/wp\/v2\/categories?post=60349"},{"taxonomy":"post_tag","embeddable":true,"href":"http:\/\/elurbanoweb.com.ar\/diario\/wp-json\/wp\/v2\/tags?post=60349"}],"curies":[{"name":"wp","href":"https:\/\/api.w.org\/{rel}","templated":true}]}}