{"id":60381,"date":"2025-09-15T09:06:00","date_gmt":"2025-09-15T12:06:00","guid":{"rendered":"https:\/\/elurbanoweb.com.ar\/diario\/?p=60381"},"modified":"2025-09-15T09:06:00","modified_gmt":"2025-09-15T12:06:00","slug":"abren-inscripciones-para-escuelas-emprendedoras-y-plan-de-negocios-2025-en-el-nodo-tecnologico","status":"publish","type":"post","link":"http:\/\/elurbanoweb.com.ar\/diario\/abren-inscripciones-para-escuelas-emprendedoras-y-plan-de-negocios-2025-en-el-nodo-tecnologico\/","title":{"rendered":"Abren inscripciones para Escuelas Emprendedoras y Plan de Negocios 2025 en el Nodo Tecnol\u00f3gico"},"content":{"rendered":"<p>La Secretar\u00eda de Ciencia y Tecnolog\u00eda inform\u00f3 la apertura de las inscripciones para las ediciones 2025 de los programas Escuelas Emprendedoras y Plan de Negocios, que se desarrollar\u00e1n en el Nodo Tecnol\u00f3gico.<\/p>\n<p><img loading=\"lazy\" decoding=\"async\" class=\"alignnone wp-image-60382 size-full\" src=\"http:\/\/elurbanoweb.com.ar\/diario\/wp-content\/uploads\/2025\/09\/nodo.jpg\" alt=\"\" width=\"1010\" height=\"567\" srcset=\"http:\/\/elurbanoweb.com.ar\/diario\/wp-content\/uploads\/2025\/09\/nodo.jpg 1010w, http:\/\/elurbanoweb.com.ar\/diario\/wp-content\/uploads\/2025\/09\/nodo-300x168.jpg 300w, http:\/\/elurbanoweb.com.ar\/diario\/wp-content\/uploads\/2025\/09\/nodo-150x84.jpg 150w\" sizes=\"auto, (max-width: 1010px) 100vw, 1010px\" \/><\/p>\n<p><!--more--><\/p>\n<p>Escuelas Emprendedoras<\/p>\n<p>Este programa busca brindar a los j\u00f3venes herramientas emprendedoras y habilidades para la vida, fomentando la creatividad, el liderazgo, el trabajo en equipo y la innovaci\u00f3n, adem\u00e1s de acercarlos al mundo universitario y productivo de la provincia.<\/p>\n<p>Podr\u00e1n inscribirse estudiantes de los dos \u00faltimos a\u00f1os del secundario, as\u00ed como docentes y directivos de materias vinculadas al emprendedurismo, profesores de ciencias sociales o \u00e1reas afines.<\/p>\n<p>Inscripci\u00f3n: https:\/\/bit.ly\/InscripcionEscuelasEmprendedoras25<\/p>\n<p>Los contenidos incluyen: trabajo en equipo, finanzas personales, habilidades digitales, liderazgo, motivaci\u00f3n, inteligencia artificial aplicada al emprendedurismo, entre otros. Cada m\u00f3dulo ser\u00e1 dictado por docentes y formadores de las instituciones que integran el ecosistema de Plataforma Emprender.<\/p>\n<p>Consultas: escuelasemprendedoras.sgo@gmail.com<br \/>\nM\u00e1s informaci\u00f3n: https:\/\/bit.ly\/ProgramaEscuelasEmprendedoras25<\/p>\n<p>Plan de Negocios<br \/>\nEl Plan de Negocios 2025 dar\u00e1 inicio el mi\u00e9rcoles 17 de septiembre y est\u00e1 destinado a emprendedores y empresarios con proyectos en actividad de entre 3 a 7 a\u00f1os, que busquen mejorar la gesti\u00f3n y proyecci\u00f3n de sus negocios.<\/p>\n<p>El programa apunta a fortalecer las pymes de la provincia, brindando herramientas para estructurar sus empresas, aumentar la competitividad y facilitar el acceso a financiamiento bancario, inversores o socios estrat\u00e9gicos mediante la elaboraci\u00f3n de una carpeta t\u00e9cnica.<\/p>\n<p>La capacitaci\u00f3n se desarrollar\u00e1 en 14 encuentros, entre septiembre y noviembre, los d\u00edas mi\u00e9rcoles y viernes de 14 a 17 horas, en modalidad presencial y sincr\u00f3nica en el Nodo Tecnol\u00f3gico. Los temas incluyen: estrategia de finanzas, marketing, aspectos legales, pitch de presentaci\u00f3n, seguridad e higiene, entre otros.<\/p>\n<p>Inscripci\u00f3n abierta hasta el martes 16 de septiembre a las 10 horas: https:\/\/bit.ly\/PlandeNegocio25 Consultas: sgonodotecemprende@gmail.com<\/p>\n","protected":false},"excerpt":{"rendered":"<p>La Secretar\u00eda de Ciencia y Tecnolog\u00eda inform\u00f3 la apertura de las inscripciones para las ediciones 2025 de los programas Escuelas Emprendedoras y Plan de Negocios, que se desarrollar\u00e1n en el&hellip; <\/p>\n","protected":false},"author":1,"featured_media":60382,"comment_status":"closed","ping_status":"closed","sticky":false,"template":"","format":"standard","meta":{"footnotes":""},"categories":[16],"tags":[],"class_list":["post-60381","post","type-post","status-publish","format-standard","has-post-thumbnail","hentry","category-locales"],"_links":{"self":[{"href":"http:\/\/elurbanoweb.com.ar\/diario\/wp-json\/wp\/v2\/posts\/60381","targetHints":{"allow":["GET"]}}],"collection":[{"href":"http:\/\/elurbanoweb.com.ar\/diario\/wp-json\/wp\/v2\/posts"}],"about":[{"href":"http:\/\/elurbanoweb.com.ar\/diario\/wp-json\/wp\/v2\/types\/post"}],"author":[{"embeddable":true,"href":"http:\/\/elurbanoweb.com.ar\/diario\/wp-json\/wp\/v2\/users\/1"}],"replies":[{"embeddable":true,"href":"http:\/\/elurbanoweb.com.ar\/diario\/wp-json\/wp\/v2\/comments?post=60381"}],"version-history":[{"count":1,"href":"http:\/\/elurbanoweb.com.ar\/diario\/wp-json\/wp\/v2\/posts\/60381\/revisions"}],"predecessor-version":[{"id":60383,"href":"http:\/\/elurbanoweb.com.ar\/diario\/wp-json\/wp\/v2\/posts\/60381\/revisions\/60383"}],"wp:featuredmedia":[{"embeddable":true,"href":"http:\/\/elurbanoweb.com.ar\/diario\/wp-json\/wp\/v2\/media\/60382"}],"wp:attachment":[{"href":"http:\/\/elurbanoweb.com.ar\/diario\/wp-json\/wp\/v2\/media?parent=60381"}],"wp:term":[{"taxonomy":"category","embeddable":true,"href":"http:\/\/elurbanoweb.com.ar\/diario\/wp-json\/wp\/v2\/categories?post=60381"},{"taxonomy":"post_tag","embeddable":true,"href":"http:\/\/elurbanoweb.com.ar\/diario\/wp-json\/wp\/v2\/tags?post=60381"}],"curies":[{"name":"wp","href":"https:\/\/api.w.org\/{rel}","templated":true}]}}