{"id":60390,"date":"2025-09-15T09:11:37","date_gmt":"2025-09-15T12:11:37","guid":{"rendered":"https:\/\/elurbanoweb.com.ar\/diario\/?p=60390"},"modified":"2025-09-15T09:11:37","modified_gmt":"2025-09-15T12:11:37","slug":"jardin-de-infantes-de-la-municipalidad-fue-seleccionado-para-participar-de-la-feria-nacional-de-ciencia-en-buenos-aires","status":"publish","type":"post","link":"http:\/\/elurbanoweb.com.ar\/diario\/jardin-de-infantes-de-la-municipalidad-fue-seleccionado-para-participar-de-la-feria-nacional-de-ciencia-en-buenos-aires\/","title":{"rendered":"Jard\u00edn de Infantes de la Municipalidad  fue seleccionado para participar de la Feria Nacional de Ciencia en Buenos Aires"},"content":{"rendered":"<p>Los jardines de infantes municipales tuvieron una destacada participaci\u00f3n en la XXII Feria provincial de ciencia y tecnolog\u00eda que se realiz\u00f3 en el Nodo Tecnol\u00f3gico, en cuya instancia el Jard\u00edn N\u00b015 \u201cMar\u00eda Isabel Rodr\u00edguez de Pa\u00e9z\u201d con su proyecto \u201cQ\u2019UAPP, una app para un barrio m\u00e1s limpio\u201d fue elegido para formar parte de la Feria nacional a realizarse en la ciudad de Buenos Aires.<\/p>\n<p><img loading=\"lazy\" decoding=\"async\" class=\"alignnone wp-image-60391 size-large\" src=\"http:\/\/elurbanoweb.com.ar\/diario\/wp-content\/uploads\/2025\/09\/nacional-1024x682.jpg\" alt=\"\" width=\"1024\" height=\"682\" srcset=\"http:\/\/elurbanoweb.com.ar\/diario\/wp-content\/uploads\/2025\/09\/nacional-1024x682.jpg 1024w, http:\/\/elurbanoweb.com.ar\/diario\/wp-content\/uploads\/2025\/09\/nacional-300x200.jpg 300w, http:\/\/elurbanoweb.com.ar\/diario\/wp-content\/uploads\/2025\/09\/nacional-150x100.jpg 150w, http:\/\/elurbanoweb.com.ar\/diario\/wp-content\/uploads\/2025\/09\/nacional-1536x1023.jpg 1536w, http:\/\/elurbanoweb.com.ar\/diario\/wp-content\/uploads\/2025\/09\/nacional.jpg 1600w\" sizes=\"auto, (max-width: 1024px) 100vw, 1024px\" \/><\/p>\n<p><!--more--> Se trata de una iniciativa de docentes y alumnos de 5 a\u00f1os del turno ma\u00f1ana, que tiene como planteo principal desarrollar una aplicaci\u00f3n m\u00f3vil interactiva dise\u00f1ada por ni\u00f1os con el doble objetivo de introducirlos al pensamiento computacional y fomentar el cuidado del medio ambiente en el barrio 8 de Abril.<\/p>\n<p>Asimismo, el proyecto \u201cAgua limpia, salud segura: evitamos aguas estancadas\u201d tambi\u00e9n del Jard\u00edn \u201cMar\u00eda Isabel Rodr\u00edguez de Pa\u00e9z\u201d logr\u00f3 una destacada participaci\u00f3n; al igual que \u201cArboretum\u201d, un trabajo sobre el entorno natural y social presentado por alumnos y docentes del Jard\u00edn N\u00b019 \u201cNuestra Se\u00f1ora del Rosario de San Nicol\u00e1s\u201d.<\/p>\n<p>En tanto, recibieron distinciones los proyectos \u201cMedimos las distancias en el barrio de mi jard\u00edn\u201d del Jard\u00edn N\u00b06 \u201cPulgarcito\u201d y \u201cEl misterio de los t\u00faneles de Santiago del Estero\u201d realizado por el Jard\u00edn N\u00b012 \u201cArcoiris\u201d.<\/p>\n","protected":false},"excerpt":{"rendered":"<p>Los jardines de infantes municipales tuvieron una destacada participaci\u00f3n en la XXII Feria provincial de ciencia y tecnolog\u00eda que se realiz\u00f3 en el Nodo Tecnol\u00f3gico, en cuya instancia el Jard\u00edn&hellip; <\/p>\n","protected":false},"author":1,"featured_media":60391,"comment_status":"closed","ping_status":"closed","sticky":false,"template":"","format":"standard","meta":{"footnotes":""},"categories":[3],"tags":[],"class_list":["post-60390","post","type-post","status-publish","format-standard","has-post-thumbnail","hentry","category-municipio"],"_links":{"self":[{"href":"http:\/\/elurbanoweb.com.ar\/diario\/wp-json\/wp\/v2\/posts\/60390","targetHints":{"allow":["GET"]}}],"collection":[{"href":"http:\/\/elurbanoweb.com.ar\/diario\/wp-json\/wp\/v2\/posts"}],"about":[{"href":"http:\/\/elurbanoweb.com.ar\/diario\/wp-json\/wp\/v2\/types\/post"}],"author":[{"embeddable":true,"href":"http:\/\/elurbanoweb.com.ar\/diario\/wp-json\/wp\/v2\/users\/1"}],"replies":[{"embeddable":true,"href":"http:\/\/elurbanoweb.com.ar\/diario\/wp-json\/wp\/v2\/comments?post=60390"}],"version-history":[{"count":1,"href":"http:\/\/elurbanoweb.com.ar\/diario\/wp-json\/wp\/v2\/posts\/60390\/revisions"}],"predecessor-version":[{"id":60392,"href":"http:\/\/elurbanoweb.com.ar\/diario\/wp-json\/wp\/v2\/posts\/60390\/revisions\/60392"}],"wp:featuredmedia":[{"embeddable":true,"href":"http:\/\/elurbanoweb.com.ar\/diario\/wp-json\/wp\/v2\/media\/60391"}],"wp:attachment":[{"href":"http:\/\/elurbanoweb.com.ar\/diario\/wp-json\/wp\/v2\/media?parent=60390"}],"wp:term":[{"taxonomy":"category","embeddable":true,"href":"http:\/\/elurbanoweb.com.ar\/diario\/wp-json\/wp\/v2\/categories?post=60390"},{"taxonomy":"post_tag","embeddable":true,"href":"http:\/\/elurbanoweb.com.ar\/diario\/wp-json\/wp\/v2\/tags?post=60390"}],"curies":[{"name":"wp","href":"https:\/\/api.w.org\/{rel}","templated":true}]}}