{"id":60396,"date":"2025-09-15T09:16:33","date_gmt":"2025-09-15T12:16:33","guid":{"rendered":"https:\/\/elurbanoweb.com.ar\/diario\/?p=60396"},"modified":"2025-09-15T09:16:33","modified_gmt":"2025-09-15T12:16:33","slug":"este-domingo-se-celebro-la-fiesta-chica-del-senor-de-los-milagros-con-la-presencia-del-vicegobernador","status":"publish","type":"post","link":"http:\/\/elurbanoweb.com.ar\/diario\/este-domingo-se-celebro-la-fiesta-chica-del-senor-de-los-milagros-con-la-presencia-del-vicegobernador\/","title":{"rendered":"Este domingo se celebr\u00f3 la Fiesta Chica del Se\u00f1or de los Milagros con la presencia del Vicegobernador"},"content":{"rendered":"<p>En un clima de emoci\u00f3n, fe y profunda devoci\u00f3n, miles de peregrinos de distintos puntos de la provincia y del pa\u00eds llegaron este domingo hasta la tierra santa de Mail\u00edn para participar de la tradicional Fiesta Chica del Se\u00f1or de los Milagros, una de las expresiones religiosas m\u00e1s sentidas por el pueblo santiague\u00f1o.<\/p>\n<p><img loading=\"lazy\" decoding=\"async\" class=\"alignnone wp-image-60397 size-large\" src=\"http:\/\/elurbanoweb.com.ar\/diario\/wp-content\/uploads\/2025\/09\/bokalic2-1024x857.jpg\" alt=\"\" width=\"1024\" height=\"857\" srcset=\"http:\/\/elurbanoweb.com.ar\/diario\/wp-content\/uploads\/2025\/09\/bokalic2-1024x857.jpg 1024w, http:\/\/elurbanoweb.com.ar\/diario\/wp-content\/uploads\/2025\/09\/bokalic2-300x251.jpg 300w, http:\/\/elurbanoweb.com.ar\/diario\/wp-content\/uploads\/2025\/09\/bokalic2-150x126.jpg 150w, http:\/\/elurbanoweb.com.ar\/diario\/wp-content\/uploads\/2025\/09\/bokalic2.jpg 1080w\" sizes=\"auto, (max-width: 1024px) 100vw, 1024px\" \/><\/p>\n<p><!--more--><\/p>\n<p>El vicegobernador Dr. Carlos Silva Neder estuvo presente en la festividad, d\u00f3nde destac\u00f3: \u201cDesde el Gobierno Provincial encabezado por el gobernador Gerardo Zamora acompa\u00f1amos esta multitudinaria expresi\u00f3n de fe del pueblo santiague\u00f1o y de todo el pa\u00eds, peregrinos que llegan para demostrar que Cristo est\u00e1 vivo y que ha elegido la tierra santa de Mail\u00edn para estar y convocar a toda la fe cristiana\u201d.<\/p>\n<p>\u201cNuestro Se\u00f1or de los milagros nos hace un llamado Mail\u00edn a trabajar por una sociedad m\u00e1s fraterna, m\u00e1s solidaria, m\u00e1s humana e igualitaria, recordando que la fe tambi\u00e9n debe ser camino de encuentro y compromiso con el pr\u00f3jimo\u201d, enfatiz\u00f3.<\/p>\n<p>La jornada estuvo marcada por la misa central presidida por el cardenal Vicente Bokalic, y la posterior procesi\u00f3n que traslad\u00f3 la imagen de Nuestro Se\u00f1or de los Milagros por las calles del pueblo, hasta regresar al templo, donde los fieles renovaron su devoci\u00f3n.<\/p>\n<p>La Fiesta Chica de Mail\u00edn volvi\u00f3 a mostrar que el fervor popular trasciende generaciones, convirti\u00e9ndose en un testimonio vivo de esperanza y uni\u00f3n que late en el coraz\u00f3n de cada peregrino.<\/p>\n","protected":false},"excerpt":{"rendered":"<p>En un clima de emoci\u00f3n, fe y profunda devoci\u00f3n, miles de peregrinos de distintos puntos de la provincia y del pa\u00eds llegaron este domingo hasta la tierra santa de Mail\u00edn&hellip; <\/p>\n","protected":false},"author":1,"featured_media":60397,"comment_status":"closed","ping_status":"closed","sticky":false,"template":"","format":"standard","meta":{"footnotes":""},"categories":[10],"tags":[],"class_list":["post-60396","post","type-post","status-publish","format-standard","has-post-thumbnail","hentry","category-interior"],"_links":{"self":[{"href":"http:\/\/elurbanoweb.com.ar\/diario\/wp-json\/wp\/v2\/posts\/60396","targetHints":{"allow":["GET"]}}],"collection":[{"href":"http:\/\/elurbanoweb.com.ar\/diario\/wp-json\/wp\/v2\/posts"}],"about":[{"href":"http:\/\/elurbanoweb.com.ar\/diario\/wp-json\/wp\/v2\/types\/post"}],"author":[{"embeddable":true,"href":"http:\/\/elurbanoweb.com.ar\/diario\/wp-json\/wp\/v2\/users\/1"}],"replies":[{"embeddable":true,"href":"http:\/\/elurbanoweb.com.ar\/diario\/wp-json\/wp\/v2\/comments?post=60396"}],"version-history":[{"count":1,"href":"http:\/\/elurbanoweb.com.ar\/diario\/wp-json\/wp\/v2\/posts\/60396\/revisions"}],"predecessor-version":[{"id":60398,"href":"http:\/\/elurbanoweb.com.ar\/diario\/wp-json\/wp\/v2\/posts\/60396\/revisions\/60398"}],"wp:featuredmedia":[{"embeddable":true,"href":"http:\/\/elurbanoweb.com.ar\/diario\/wp-json\/wp\/v2\/media\/60397"}],"wp:attachment":[{"href":"http:\/\/elurbanoweb.com.ar\/diario\/wp-json\/wp\/v2\/media?parent=60396"}],"wp:term":[{"taxonomy":"category","embeddable":true,"href":"http:\/\/elurbanoweb.com.ar\/diario\/wp-json\/wp\/v2\/categories?post=60396"},{"taxonomy":"post_tag","embeddable":true,"href":"http:\/\/elurbanoweb.com.ar\/diario\/wp-json\/wp\/v2\/tags?post=60396"}],"curies":[{"name":"wp","href":"https:\/\/api.w.org\/{rel}","templated":true}]}}