{"id":60411,"date":"2025-09-16T09:17:41","date_gmt":"2025-09-16T12:17:41","guid":{"rendered":"https:\/\/elurbanoweb.com.ar\/diario\/?p=60411"},"modified":"2025-09-16T09:17:41","modified_gmt":"2025-09-16T12:17:41","slug":"la-banda-incorporo-nuevas-vacunadoras-a-los-centros-de-atencion-medica-municipal","status":"publish","type":"post","link":"http:\/\/elurbanoweb.com.ar\/diario\/la-banda-incorporo-nuevas-vacunadoras-a-los-centros-de-atencion-medica-municipal\/","title":{"rendered":"La Banda incorpor\u00f3 nuevas vacunadoras a los Centros de Atenci\u00f3n M\u00e9dica Municipal"},"content":{"rendered":"<p>La Municipalidad de La Banda sum\u00f3 nuevas profesionales al equipo de vacunaci\u00f3n en los CAMM, fortaleciendo la atenci\u00f3n primaria y reafirmando el compromiso con la salud preventiva y el acceso equitativo a los servicios para todos los vecinos.<\/p>\n<p><img loading=\"lazy\" decoding=\"async\" class=\"alignnone wp-image-60412 size-full\" src=\"http:\/\/elurbanoweb.com.ar\/diario\/wp-content\/uploads\/2025\/09\/atencion.jpg\" alt=\"\" width=\"1010\" height=\"567\" srcset=\"http:\/\/elurbanoweb.com.ar\/diario\/wp-content\/uploads\/2025\/09\/atencion.jpg 1010w, http:\/\/elurbanoweb.com.ar\/diario\/wp-content\/uploads\/2025\/09\/atencion-300x168.jpg 300w, http:\/\/elurbanoweb.com.ar\/diario\/wp-content\/uploads\/2025\/09\/atencion-150x84.jpg 150w\" sizes=\"auto, (max-width: 1010px) 100vw, 1010px\" \/><\/p>\n<p><!--more--><\/p>\n<p>La Secretar\u00eda de Salud de la Municipalidad de La Banda inform\u00f3 que incorporaron nuevas vacunadoras en los diferentes Centros de Atenci\u00f3n M\u00e9dica Municipal (CAMM), reforzando as\u00ed la capacidad de respuesta de nuestros centros de salud.<\/p>\n<p>Desde el \u00e1rea destacaron el compromiso y la vocaci\u00f3n de las nuevas profesionales, quienes se mostraron entusiasmadas por esta oportunidad. \u201cDestacamos que nuestras incorporaciones son en pos de la comunidad bande\u00f1a, nos sumamos a desempe\u00f1ar una funci\u00f3n importante, que implica una enorme responsabilidad en el cuidado de nuestra comunidad\u201d, expresaron.<\/p>\n<p>En este sentido el secretario de Salud, C\u00e9sar Scabuzzo, subray\u00f3: \u201cCada nueva incorporaci\u00f3n en el equipo de vacunaci\u00f3n es un paso m\u00e1s en nuestro compromiso con la prevenci\u00f3n y la salud p\u00fablica. La capacitaci\u00f3n constante y la confianza depositada en nuestras agentes sanitarias reflejan el impulso de la gesti\u00f3n del intendente Roger Nediani, que nos marca estar siempre cerca de los vecinos y garantizar un acceso equitativo a la salud\u201d.<\/p>\n<p>Desde los centros de salud se agradeci\u00f3 tambi\u00e9n a las autoridades y al supervisor del \u00e1rea por el acompa\u00f1amiento y apoyo brindado en este proceso de formaci\u00f3n.<\/p>\n","protected":false},"excerpt":{"rendered":"<p>La Municipalidad de La Banda sum\u00f3 nuevas profesionales al equipo de vacunaci\u00f3n en los CAMM, fortaleciendo la atenci\u00f3n primaria y reafirmando el compromiso con la salud preventiva y el acceso&hellip; <\/p>\n","protected":false},"author":1,"featured_media":60412,"comment_status":"closed","ping_status":"closed","sticky":false,"template":"","format":"standard","meta":{"footnotes":""},"categories":[9],"tags":[],"class_list":["post-60411","post","type-post","status-publish","format-standard","has-post-thumbnail","hentry","category-la-banda"],"_links":{"self":[{"href":"http:\/\/elurbanoweb.com.ar\/diario\/wp-json\/wp\/v2\/posts\/60411","targetHints":{"allow":["GET"]}}],"collection":[{"href":"http:\/\/elurbanoweb.com.ar\/diario\/wp-json\/wp\/v2\/posts"}],"about":[{"href":"http:\/\/elurbanoweb.com.ar\/diario\/wp-json\/wp\/v2\/types\/post"}],"author":[{"embeddable":true,"href":"http:\/\/elurbanoweb.com.ar\/diario\/wp-json\/wp\/v2\/users\/1"}],"replies":[{"embeddable":true,"href":"http:\/\/elurbanoweb.com.ar\/diario\/wp-json\/wp\/v2\/comments?post=60411"}],"version-history":[{"count":1,"href":"http:\/\/elurbanoweb.com.ar\/diario\/wp-json\/wp\/v2\/posts\/60411\/revisions"}],"predecessor-version":[{"id":60413,"href":"http:\/\/elurbanoweb.com.ar\/diario\/wp-json\/wp\/v2\/posts\/60411\/revisions\/60413"}],"wp:featuredmedia":[{"embeddable":true,"href":"http:\/\/elurbanoweb.com.ar\/diario\/wp-json\/wp\/v2\/media\/60412"}],"wp:attachment":[{"href":"http:\/\/elurbanoweb.com.ar\/diario\/wp-json\/wp\/v2\/media?parent=60411"}],"wp:term":[{"taxonomy":"category","embeddable":true,"href":"http:\/\/elurbanoweb.com.ar\/diario\/wp-json\/wp\/v2\/categories?post=60411"},{"taxonomy":"post_tag","embeddable":true,"href":"http:\/\/elurbanoweb.com.ar\/diario\/wp-json\/wp\/v2\/tags?post=60411"}],"curies":[{"name":"wp","href":"https:\/\/api.w.org\/{rel}","templated":true}]}}