{"id":60417,"date":"2025-09-16T09:21:12","date_gmt":"2025-09-16T12:21:12","guid":{"rendered":"https:\/\/elurbanoweb.com.ar\/diario\/?p=60417"},"modified":"2025-09-16T09:21:12","modified_gmt":"2025-09-16T12:21:12","slug":"se-habilitaron-nuevos-casilleros-destinados-a-los-estudiantes-de-la-facultad","status":"publish","type":"post","link":"http:\/\/elurbanoweb.com.ar\/diario\/se-habilitaron-nuevos-casilleros-destinados-a-los-estudiantes-de-la-facultad\/","title":{"rendered":"Se habilitaron nuevos casilleros destinados a los estudiantes de la Facultad"},"content":{"rendered":"<p>La Facultad de Humanidades, Ciencias Sociales y de la Salud informa a su comunidad estudiantil que se encuentra habilitado el per\u00edodo de inscripci\u00f3n para la asignaci\u00f3n de uso de los nuevos casilleros instalados en el edificio.<\/p>\n<p><img loading=\"lazy\" decoding=\"async\" class=\"alignnone wp-image-60418 size-full\" src=\"http:\/\/elurbanoweb.com.ar\/diario\/wp-content\/uploads\/2025\/09\/casilleros.jpg\" alt=\"\" width=\"1024\" height=\"585\" srcset=\"http:\/\/elurbanoweb.com.ar\/diario\/wp-content\/uploads\/2025\/09\/casilleros.jpg 1024w, http:\/\/elurbanoweb.com.ar\/diario\/wp-content\/uploads\/2025\/09\/casilleros-300x171.jpg 300w, http:\/\/elurbanoweb.com.ar\/diario\/wp-content\/uploads\/2025\/09\/casilleros-150x86.jpg 150w\" sizes=\"auto, (max-width: 1024px) 100vw, 1024px\" \/><\/p>\n<p><!--more--><\/p>\n<p>Esta iniciativa busca ofrecer un espacio seguro y pr\u00e1ctico para que los alumnos puedan guardar sus pertenencias durante su permanencia en la instituci\u00f3n, mejorando as\u00ed los servicios y comodidades que se brindan.<\/p>\n<p>Los estudiantes interesados en solicitar un casillero deber\u00e1n completar obligatoriamente el formulario de inscripci\u00f3n online disponible en el siguiente enlace: https:\/\/docs.google.com\/forms\/d\/e\/1FAIpQLSdfI5JhO5uHnmTs4kzq2VprHY3n0KbwntkCD5XKcml_mzCiIA\/viewform?pli=1<\/p>\n<p>La asignaci\u00f3n de los mismos se realizar\u00e1 entre todos los solicitantes que cumplan con los requisitos. Se invita a los estudiantes a registrarse y aprovechar esta nueva herramienta pensada para facilitar su d\u00eda a d\u00eda en la facultad.<\/p>\n","protected":false},"excerpt":{"rendered":"<p>La Facultad de Humanidades, Ciencias Sociales y de la Salud informa a su comunidad estudiantil que se encuentra habilitado el per\u00edodo de inscripci\u00f3n para la asignaci\u00f3n de uso de los&hellip; <\/p>\n","protected":false},"author":1,"featured_media":60418,"comment_status":"closed","ping_status":"closed","sticky":false,"template":"","format":"standard","meta":{"footnotes":""},"categories":[15],"tags":[],"class_list":["post-60417","post","type-post","status-publish","format-standard","has-post-thumbnail","hentry","category-unse"],"_links":{"self":[{"href":"http:\/\/elurbanoweb.com.ar\/diario\/wp-json\/wp\/v2\/posts\/60417","targetHints":{"allow":["GET"]}}],"collection":[{"href":"http:\/\/elurbanoweb.com.ar\/diario\/wp-json\/wp\/v2\/posts"}],"about":[{"href":"http:\/\/elurbanoweb.com.ar\/diario\/wp-json\/wp\/v2\/types\/post"}],"author":[{"embeddable":true,"href":"http:\/\/elurbanoweb.com.ar\/diario\/wp-json\/wp\/v2\/users\/1"}],"replies":[{"embeddable":true,"href":"http:\/\/elurbanoweb.com.ar\/diario\/wp-json\/wp\/v2\/comments?post=60417"}],"version-history":[{"count":1,"href":"http:\/\/elurbanoweb.com.ar\/diario\/wp-json\/wp\/v2\/posts\/60417\/revisions"}],"predecessor-version":[{"id":60419,"href":"http:\/\/elurbanoweb.com.ar\/diario\/wp-json\/wp\/v2\/posts\/60417\/revisions\/60419"}],"wp:featuredmedia":[{"embeddable":true,"href":"http:\/\/elurbanoweb.com.ar\/diario\/wp-json\/wp\/v2\/media\/60418"}],"wp:attachment":[{"href":"http:\/\/elurbanoweb.com.ar\/diario\/wp-json\/wp\/v2\/media?parent=60417"}],"wp:term":[{"taxonomy":"category","embeddable":true,"href":"http:\/\/elurbanoweb.com.ar\/diario\/wp-json\/wp\/v2\/categories?post=60417"},{"taxonomy":"post_tag","embeddable":true,"href":"http:\/\/elurbanoweb.com.ar\/diario\/wp-json\/wp\/v2\/tags?post=60417"}],"curies":[{"name":"wp","href":"https:\/\/api.w.org\/{rel}","templated":true}]}}