{"id":60453,"date":"2025-09-16T22:31:49","date_gmt":"2025-09-17T01:31:49","guid":{"rendered":"https:\/\/elurbanoweb.com.ar\/diario\/?p=60453"},"modified":"2025-09-16T22:31:49","modified_gmt":"2025-09-17T01:31:49","slug":"la-intendente-fuentes-participo-del-acto-central-por-el-60-aniversario-del-iosep","status":"publish","type":"post","link":"http:\/\/elurbanoweb.com.ar\/diario\/la-intendente-fuentes-participo-del-acto-central-por-el-60-aniversario-del-iosep\/","title":{"rendered":"La intendente Fuentes particip\u00f3 del acto central por el 60\u00b0 aniversario del Iosep"},"content":{"rendered":"<p>La intendente de la Capital, Ing. Norma Fuentes, asisti\u00f3 al acto protocolar por el 60\u00b0 aniversario del Instituto de Obra Social del Empleado Provincial (Iosep) realizado en el Centro Cultural del Bicentenario.<\/p>\n<p><img loading=\"lazy\" decoding=\"async\" class=\"alignnone wp-image-60454 size-large\" src=\"http:\/\/elurbanoweb.com.ar\/diario\/wp-content\/uploads\/2025\/09\/iosep0-1024x763.jpg\" alt=\"\" width=\"1024\" height=\"763\" srcset=\"http:\/\/elurbanoweb.com.ar\/diario\/wp-content\/uploads\/2025\/09\/iosep0-1024x763.jpg 1024w, http:\/\/elurbanoweb.com.ar\/diario\/wp-content\/uploads\/2025\/09\/iosep0-300x224.jpg 300w, http:\/\/elurbanoweb.com.ar\/diario\/wp-content\/uploads\/2025\/09\/iosep0-150x112.jpg 150w, http:\/\/elurbanoweb.com.ar\/diario\/wp-content\/uploads\/2025\/09\/iosep0-1536x1144.jpg 1536w, http:\/\/elurbanoweb.com.ar\/diario\/wp-content\/uploads\/2025\/09\/iosep0.jpg 1600w\" sizes=\"auto, (max-width: 1024px) 100vw, 1024px\" \/><\/p>\n<p><!--more--> Estuvo encabezado por el presidente de la instituci\u00f3n, Ra\u00fal Ayuch; acompa\u00f1ado por los ministros de Salud, Natividad Nassif; y de la Producci\u00f3n, Miguel Mandrile; entre otros invitados especiales.<\/p>\n<p>Durante la ceremonia, la Ing. Fuentes y el subsecretario de Econom\u00eda, Francisco Zamora; entregaron a Ra\u00fal Ayuch una placa conmemorativa por la celebraci\u00f3n de un nuevo a\u00f1o de vida institucional de la reconocida obra social.<\/p>\n","protected":false},"excerpt":{"rendered":"<p>La intendente de la Capital, Ing. Norma Fuentes, asisti\u00f3 al acto protocolar por el 60\u00b0 aniversario del Instituto de Obra Social del Empleado Provincial (Iosep) realizado en el Centro Cultural&hellip; <\/p>\n","protected":false},"author":1,"featured_media":60454,"comment_status":"closed","ping_status":"closed","sticky":false,"template":"","format":"standard","meta":{"footnotes":""},"categories":[3],"tags":[],"class_list":["post-60453","post","type-post","status-publish","format-standard","has-post-thumbnail","hentry","category-municipio"],"_links":{"self":[{"href":"http:\/\/elurbanoweb.com.ar\/diario\/wp-json\/wp\/v2\/posts\/60453","targetHints":{"allow":["GET"]}}],"collection":[{"href":"http:\/\/elurbanoweb.com.ar\/diario\/wp-json\/wp\/v2\/posts"}],"about":[{"href":"http:\/\/elurbanoweb.com.ar\/diario\/wp-json\/wp\/v2\/types\/post"}],"author":[{"embeddable":true,"href":"http:\/\/elurbanoweb.com.ar\/diario\/wp-json\/wp\/v2\/users\/1"}],"replies":[{"embeddable":true,"href":"http:\/\/elurbanoweb.com.ar\/diario\/wp-json\/wp\/v2\/comments?post=60453"}],"version-history":[{"count":1,"href":"http:\/\/elurbanoweb.com.ar\/diario\/wp-json\/wp\/v2\/posts\/60453\/revisions"}],"predecessor-version":[{"id":60455,"href":"http:\/\/elurbanoweb.com.ar\/diario\/wp-json\/wp\/v2\/posts\/60453\/revisions\/60455"}],"wp:featuredmedia":[{"embeddable":true,"href":"http:\/\/elurbanoweb.com.ar\/diario\/wp-json\/wp\/v2\/media\/60454"}],"wp:attachment":[{"href":"http:\/\/elurbanoweb.com.ar\/diario\/wp-json\/wp\/v2\/media?parent=60453"}],"wp:term":[{"taxonomy":"category","embeddable":true,"href":"http:\/\/elurbanoweb.com.ar\/diario\/wp-json\/wp\/v2\/categories?post=60453"},{"taxonomy":"post_tag","embeddable":true,"href":"http:\/\/elurbanoweb.com.ar\/diario\/wp-json\/wp\/v2\/tags?post=60453"}],"curies":[{"name":"wp","href":"https:\/\/api.w.org\/{rel}","templated":true}]}}