{"id":60456,"date":"2025-09-16T22:36:45","date_gmt":"2025-09-17T01:36:45","guid":{"rendered":"https:\/\/elurbanoweb.com.ar\/diario\/?p=60456"},"modified":"2025-09-16T22:36:45","modified_gmt":"2025-09-17T01:36:45","slug":"la-unse-convoca-a-toda-la-comunidad-santiaguena-a-participar-de-la-tercera-marcha-federal-universitaria","status":"publish","type":"post","link":"http:\/\/elurbanoweb.com.ar\/diario\/la-unse-convoca-a-toda-la-comunidad-santiaguena-a-participar-de-la-tercera-marcha-federal-universitaria\/","title":{"rendered":"La UNSE convoca a toda la comunidad santiague\u00f1a a participar de la Tercera Marcha Federal Universitaria"},"content":{"rendered":"<p>Autoridades universitarias, gremios docentes y nodocentes, junto a representantes de todas las Unidades Acad\u00e9micas y agrupaciones estudiantiles, convocaron a la comunidad a acompa\u00f1ar el Apag\u00f3n Masivo y a participar de la Tercera Marcha Federal Universitaria, en defensa de la educaci\u00f3n p\u00fablica y en rechazo al veto presidencial de la Ley de Financiamiento Universitario.<\/p>\n<p><img loading=\"lazy\" decoding=\"async\" class=\"alignnone wp-image-60457 size-large\" src=\"http:\/\/elurbanoweb.com.ar\/diario\/wp-content\/uploads\/2025\/09\/convocan0-1024x683.jpg\" alt=\"\" width=\"1024\" height=\"683\" srcset=\"http:\/\/elurbanoweb.com.ar\/diario\/wp-content\/uploads\/2025\/09\/convocan0-1024x683.jpg 1024w, http:\/\/elurbanoweb.com.ar\/diario\/wp-content\/uploads\/2025\/09\/convocan0-300x200.jpg 300w, http:\/\/elurbanoweb.com.ar\/diario\/wp-content\/uploads\/2025\/09\/convocan0-150x100.jpg 150w, http:\/\/elurbanoweb.com.ar\/diario\/wp-content\/uploads\/2025\/09\/convocan0-1536x1024.jpg 1536w, http:\/\/elurbanoweb.com.ar\/diario\/wp-content\/uploads\/2025\/09\/convocan0.jpg 2048w\" sizes=\"auto, (max-width: 1024px) 100vw, 1024px\" \/><\/p>\n<p><!--more-->&#x1f449;Apag\u00f3n Masivo<br \/>\n&#x1f5d3;&#xfe0f; Martes 16\/09 \u2013 20 hs<br \/>\n&#x1f449;Marcha Federal Universitaria<br \/>\n&#x1f5d3;&#xfe0f; Mi\u00e9rcoles 17\/09 \u2013 17 hs<br \/>\n&#x1f4cd; Desde la UNSE hacia la retreta de Plaza Libertad<\/p>\n<p>&#x1f4ac; \u201cMarcharemos gremios, estudiantes y todo lo que representa el sistema universitario. No al veto, s\u00ed a la universidad y a la salud p\u00fablica\u201d \u2013 Pablo Cejas (APUNSE).<br \/>\n&#x1f4ac; \u201cLa educaci\u00f3n no es un gasto, es una inversi\u00f3n. Es un derecho consagrado por la Constituci\u00f3n y un beneficio social que mejora la vida en todo el pa\u00eds\u201d \u2013 Santiago Com\u00e1n (ADUNSE).<br \/>\n&#x1f4ac; \u201cLa universidad es una creaci\u00f3n de la sociedad para formar a sus hijos, una fuente de oportunidades y un pilar democr\u00e1tico que debemos defender entre todos\u201d \u2013 H\u00e9ctor Paz (Rector UNSE).<\/p>\n<p>&#x1f64c; La UNSE llama a toda la sociedad santiague\u00f1a a acompa\u00f1ar esta marcha, porque la educaci\u00f3n p\u00fablica es un derecho de todos.<\/p>\n","protected":false},"excerpt":{"rendered":"<p>Autoridades universitarias, gremios docentes y nodocentes, junto a representantes de todas las Unidades Acad\u00e9micas y agrupaciones estudiantiles, convocaron a la comunidad a acompa\u00f1ar el Apag\u00f3n Masivo y a participar de&hellip; <\/p>\n","protected":false},"author":1,"featured_media":60457,"comment_status":"closed","ping_status":"closed","sticky":false,"template":"","format":"standard","meta":{"footnotes":""},"categories":[15],"tags":[],"class_list":["post-60456","post","type-post","status-publish","format-standard","has-post-thumbnail","hentry","category-unse"],"_links":{"self":[{"href":"http:\/\/elurbanoweb.com.ar\/diario\/wp-json\/wp\/v2\/posts\/60456","targetHints":{"allow":["GET"]}}],"collection":[{"href":"http:\/\/elurbanoweb.com.ar\/diario\/wp-json\/wp\/v2\/posts"}],"about":[{"href":"http:\/\/elurbanoweb.com.ar\/diario\/wp-json\/wp\/v2\/types\/post"}],"author":[{"embeddable":true,"href":"http:\/\/elurbanoweb.com.ar\/diario\/wp-json\/wp\/v2\/users\/1"}],"replies":[{"embeddable":true,"href":"http:\/\/elurbanoweb.com.ar\/diario\/wp-json\/wp\/v2\/comments?post=60456"}],"version-history":[{"count":1,"href":"http:\/\/elurbanoweb.com.ar\/diario\/wp-json\/wp\/v2\/posts\/60456\/revisions"}],"predecessor-version":[{"id":60458,"href":"http:\/\/elurbanoweb.com.ar\/diario\/wp-json\/wp\/v2\/posts\/60456\/revisions\/60458"}],"wp:featuredmedia":[{"embeddable":true,"href":"http:\/\/elurbanoweb.com.ar\/diario\/wp-json\/wp\/v2\/media\/60457"}],"wp:attachment":[{"href":"http:\/\/elurbanoweb.com.ar\/diario\/wp-json\/wp\/v2\/media?parent=60456"}],"wp:term":[{"taxonomy":"category","embeddable":true,"href":"http:\/\/elurbanoweb.com.ar\/diario\/wp-json\/wp\/v2\/categories?post=60456"},{"taxonomy":"post_tag","embeddable":true,"href":"http:\/\/elurbanoweb.com.ar\/diario\/wp-json\/wp\/v2\/tags?post=60456"}],"curies":[{"name":"wp","href":"https:\/\/api.w.org\/{rel}","templated":true}]}}