{"id":60478,"date":"2025-09-17T09:33:07","date_gmt":"2025-09-17T12:33:07","guid":{"rendered":"https:\/\/elurbanoweb.com.ar\/diario\/?p=60478"},"modified":"2025-09-17T09:33:07","modified_gmt":"2025-09-17T12:33:07","slug":"colecta-de-sangre-y-registro-de-medula-osea","status":"publish","type":"post","link":"http:\/\/elurbanoweb.com.ar\/diario\/colecta-de-sangre-y-registro-de-medula-osea\/","title":{"rendered":"Colecta de Sangre y Registro de M\u00e9dula \u00d3sea"},"content":{"rendered":"<p>La Facultad de Agronom\u00eda y Agroindustrias y la Facultad de Ciencias Forestales de la UNSE invitan a participar de esta jornada solidaria.<\/p>\n<p><img loading=\"lazy\" decoding=\"async\" class=\"alignnone wp-image-60479 size-large\" src=\"http:\/\/elurbanoweb.com.ar\/diario\/wp-content\/uploads\/2025\/09\/colecta1-819x1024.jpg\" alt=\"\" width=\"819\" height=\"1024\" srcset=\"http:\/\/elurbanoweb.com.ar\/diario\/wp-content\/uploads\/2025\/09\/colecta1-819x1024.jpg 819w, http:\/\/elurbanoweb.com.ar\/diario\/wp-content\/uploads\/2025\/09\/colecta1-240x300.jpg 240w, http:\/\/elurbanoweb.com.ar\/diario\/wp-content\/uploads\/2025\/09\/colecta1-120x150.jpg 120w, http:\/\/elurbanoweb.com.ar\/diario\/wp-content\/uploads\/2025\/09\/colecta1.jpg 1080w\" sizes=\"auto, (max-width: 819px) 100vw, 819px\" \/><\/p>\n<p><!--more-->&#x1f4c5; Martes 30 de septiembre<br \/>\n&#x1f557; De 8:30 a 12:30 h<br \/>\n&#x1f4cd; En el CEDIA<br \/>\n&#x25aa;Donar sangre es donar vida, y registrarte como donante de m\u00e9dula \u00f3sea puede significar una segunda oportunidad para quienes m\u00e1s lo necesitan.<\/p>\n<p>Sumate y ayudanos a salvar vidas.<\/p>\n","protected":false},"excerpt":{"rendered":"<p>La Facultad de Agronom\u00eda y Agroindustrias y la Facultad de Ciencias Forestales de la UNSE invitan a participar de esta jornada solidaria.<\/p>\n","protected":false},"author":1,"featured_media":60479,"comment_status":"closed","ping_status":"closed","sticky":false,"template":"","format":"standard","meta":{"footnotes":""},"categories":[15],"tags":[],"class_list":["post-60478","post","type-post","status-publish","format-standard","has-post-thumbnail","hentry","category-unse"],"_links":{"self":[{"href":"http:\/\/elurbanoweb.com.ar\/diario\/wp-json\/wp\/v2\/posts\/60478","targetHints":{"allow":["GET"]}}],"collection":[{"href":"http:\/\/elurbanoweb.com.ar\/diario\/wp-json\/wp\/v2\/posts"}],"about":[{"href":"http:\/\/elurbanoweb.com.ar\/diario\/wp-json\/wp\/v2\/types\/post"}],"author":[{"embeddable":true,"href":"http:\/\/elurbanoweb.com.ar\/diario\/wp-json\/wp\/v2\/users\/1"}],"replies":[{"embeddable":true,"href":"http:\/\/elurbanoweb.com.ar\/diario\/wp-json\/wp\/v2\/comments?post=60478"}],"version-history":[{"count":1,"href":"http:\/\/elurbanoweb.com.ar\/diario\/wp-json\/wp\/v2\/posts\/60478\/revisions"}],"predecessor-version":[{"id":60480,"href":"http:\/\/elurbanoweb.com.ar\/diario\/wp-json\/wp\/v2\/posts\/60478\/revisions\/60480"}],"wp:featuredmedia":[{"embeddable":true,"href":"http:\/\/elurbanoweb.com.ar\/diario\/wp-json\/wp\/v2\/media\/60479"}],"wp:attachment":[{"href":"http:\/\/elurbanoweb.com.ar\/diario\/wp-json\/wp\/v2\/media?parent=60478"}],"wp:term":[{"taxonomy":"category","embeddable":true,"href":"http:\/\/elurbanoweb.com.ar\/diario\/wp-json\/wp\/v2\/categories?post=60478"},{"taxonomy":"post_tag","embeddable":true,"href":"http:\/\/elurbanoweb.com.ar\/diario\/wp-json\/wp\/v2\/tags?post=60478"}],"curies":[{"name":"wp","href":"https:\/\/api.w.org\/{rel}","templated":true}]}}