{"id":60629,"date":"2025-09-19T19:15:21","date_gmt":"2025-09-19T22:15:21","guid":{"rendered":"https:\/\/elurbanoweb.com.ar\/diario\/?p=60629"},"modified":"2025-09-19T19:15:21","modified_gmt":"2025-09-19T22:15:21","slug":"este-es-el-cronograma-de-pagos-a-beneficiarios-de-planes-de-emergencia-provinciales","status":"publish","type":"post","link":"http:\/\/elurbanoweb.com.ar\/diario\/este-es-el-cronograma-de-pagos-a-beneficiarios-de-planes-de-emergencia-provinciales\/","title":{"rendered":"Este es el cronograma de pagos a beneficiarios de Planes de Emergencia Provinciales"},"content":{"rendered":"<p>El Ministerio de Justicia y Derechos Humanos inform\u00f3 que el pago correspondiente a septiembre se realizar\u00e1 los d\u00edas 22, 23 y 24 en Capital y La Banda, con cronograma seg\u00fan la terminaci\u00f3n del DNI.<\/p>\n<p><img loading=\"lazy\" decoding=\"async\" class=\"alignnone wp-image-60630 size-full\" src=\"http:\/\/elurbanoweb.com.ar\/diario\/wp-content\/uploads\/2025\/09\/tarjeta1.jpg\" alt=\"\" width=\"1010\" height=\"567\" srcset=\"http:\/\/elurbanoweb.com.ar\/diario\/wp-content\/uploads\/2025\/09\/tarjeta1.jpg 1010w, http:\/\/elurbanoweb.com.ar\/diario\/wp-content\/uploads\/2025\/09\/tarjeta1-300x168.jpg 300w, http:\/\/elurbanoweb.com.ar\/diario\/wp-content\/uploads\/2025\/09\/tarjeta1-150x84.jpg 150w\" sizes=\"auto, (max-width: 1010px) 100vw, 1010px\" \/><\/p>\n<p><!--more--><\/p>\n<p>El Ministerio de Justicia y Derechos Humanos anunci\u00f3 que el pago a los beneficiarios de Planes de Emergencia Provinciales correspondiente al mes de septiembre se concretar\u00e1 los d\u00edas 22, 23 y 24 en las sucursales del Banco Santiago del Estero de Capital y La Banda.<\/p>\n<p>El cronograma dispuesto es el siguiente:<\/p>\n<p>-Lunes 22: beneficiarios con DNI terminados en 0, 1, 2 o 3.<\/p>\n<p>-Martes 23: beneficiarios con DNI terminados en 4, 5 o 6.<\/p>\n<p>-Mi\u00e9rcoles 24: beneficiarios con DNI terminados en 7, 8 o 9.<\/p>\n<p>Los pagos se realizar\u00e1n por ventanilla en las sucursales del BSE de Capital y La Banda, en el horario de 7.45 a 12.45 horas. En las sucursales del interior de la provincia, el pago se efectuar\u00e1 desde el lunes 22 sin cronograma.<\/p>\n","protected":false},"excerpt":{"rendered":"<p>El Ministerio de Justicia y Derechos Humanos inform\u00f3 que el pago correspondiente a septiembre se realizar\u00e1 los d\u00edas 22, 23 y 24 en Capital y La Banda, con cronograma seg\u00fan&hellip; <\/p>\n","protected":false},"author":1,"featured_media":60630,"comment_status":"closed","ping_status":"closed","sticky":false,"template":"","format":"standard","meta":{"footnotes":""},"categories":[16],"tags":[],"class_list":["post-60629","post","type-post","status-publish","format-standard","has-post-thumbnail","hentry","category-locales"],"_links":{"self":[{"href":"http:\/\/elurbanoweb.com.ar\/diario\/wp-json\/wp\/v2\/posts\/60629","targetHints":{"allow":["GET"]}}],"collection":[{"href":"http:\/\/elurbanoweb.com.ar\/diario\/wp-json\/wp\/v2\/posts"}],"about":[{"href":"http:\/\/elurbanoweb.com.ar\/diario\/wp-json\/wp\/v2\/types\/post"}],"author":[{"embeddable":true,"href":"http:\/\/elurbanoweb.com.ar\/diario\/wp-json\/wp\/v2\/users\/1"}],"replies":[{"embeddable":true,"href":"http:\/\/elurbanoweb.com.ar\/diario\/wp-json\/wp\/v2\/comments?post=60629"}],"version-history":[{"count":1,"href":"http:\/\/elurbanoweb.com.ar\/diario\/wp-json\/wp\/v2\/posts\/60629\/revisions"}],"predecessor-version":[{"id":60631,"href":"http:\/\/elurbanoweb.com.ar\/diario\/wp-json\/wp\/v2\/posts\/60629\/revisions\/60631"}],"wp:featuredmedia":[{"embeddable":true,"href":"http:\/\/elurbanoweb.com.ar\/diario\/wp-json\/wp\/v2\/media\/60630"}],"wp:attachment":[{"href":"http:\/\/elurbanoweb.com.ar\/diario\/wp-json\/wp\/v2\/media?parent=60629"}],"wp:term":[{"taxonomy":"category","embeddable":true,"href":"http:\/\/elurbanoweb.com.ar\/diario\/wp-json\/wp\/v2\/categories?post=60629"},{"taxonomy":"post_tag","embeddable":true,"href":"http:\/\/elurbanoweb.com.ar\/diario\/wp-json\/wp\/v2\/tags?post=60629"}],"curies":[{"name":"wp","href":"https:\/\/api.w.org\/{rel}","templated":true}]}}