{"id":60632,"date":"2025-09-20T09:18:49","date_gmt":"2025-09-20T12:18:49","guid":{"rendered":"https:\/\/elurbanoweb.com.ar\/diario\/?p=60632"},"modified":"2025-09-20T09:18:49","modified_gmt":"2025-09-20T12:18:49","slug":"aviones-rusos-violaron-el-espacio-aereo-de-estonia-y-fueron-interceptados-por-la-otan","status":"publish","type":"post","link":"http:\/\/elurbanoweb.com.ar\/diario\/aviones-rusos-violaron-el-espacio-aereo-de-estonia-y-fueron-interceptados-por-la-otan\/","title":{"rendered":"Aviones rusos violaron el espacio a\u00e9reo de Estonia y fueron interceptados por la OTAN"},"content":{"rendered":"<p>Tres cazas MiG-31 ingresaron en el espacio a\u00e9reo del pa\u00eds b\u00e1ltico durante 12 minutos. La OTAN despleg\u00f3 F-35 italianos y Suecia tambi\u00e9n particip\u00f3 del operativo. La Uni\u00f3n Europea y Estonia calificaron el hecho como una \u201cprovocaci\u00f3n extremadamente peligrosa\u201d.<\/p>\n<p><img loading=\"lazy\" decoding=\"async\" class=\"alignnone wp-image-60633 size-full\" src=\"http:\/\/elurbanoweb.com.ar\/diario\/wp-content\/uploads\/2025\/09\/aviones.jpg\" alt=\"\" width=\"1010\" height=\"567\" srcset=\"http:\/\/elurbanoweb.com.ar\/diario\/wp-content\/uploads\/2025\/09\/aviones.jpg 1010w, http:\/\/elurbanoweb.com.ar\/diario\/wp-content\/uploads\/2025\/09\/aviones-300x168.jpg 300w, http:\/\/elurbanoweb.com.ar\/diario\/wp-content\/uploads\/2025\/09\/aviones-150x84.jpg 150w\" sizes=\"auto, (max-width: 1010px) 100vw, 1010px\" \/><\/p>\n<p><!--more--><\/p>\n<p>Tallin.- Tres aviones de combate rusos violaron este viernes el espacio a\u00e9reo de Estonia, miembro de la OTAN y de la Uni\u00f3n Europea, en una incursi\u00f3n que el gobierno estonio describi\u00f3 como \u201csin precedentes y descarada\u201d.<\/p>\n<p>Seg\u00fan inform\u00f3 la canciller\u00eda de Estonia, las aeronaves MiG-31 ingresaron sobre el golfo de Finlandia y permanecieron 12 minutos en el espacio a\u00e9reo nacional. El ej\u00e9rcito estonio confirm\u00f3 que los aviones fueron interceptados por F-35 italianos desplegados en la base de \u00c4mari como parte de la misi\u00f3n de vigilancia de la alianza en el mar B\u00e1ltico.<\/p>\n<p>La vocera de la OTAN, Alison Hart, se\u00f1al\u00f3 que la respuesta fue inmediata: \u201cEste es otro ejemplo m\u00e1s del comportamiento imprudente de Rusia y de la capacidad de reacci\u00f3n de la OTAN\u201d. En paralelo, cazas suecos JAS 39 tambi\u00e9n monitorearon a las aeronaves rusas, seg\u00fan inform\u00f3 la fuerza a\u00e9rea de ese pa\u00eds.<\/p>\n<p>El canciller estonio, Margus Tsahkna, denunci\u00f3 que esta fue la quinta violaci\u00f3n del espacio a\u00e9reo en lo que va del a\u00f1o y advirti\u00f3 que la provocaci\u00f3n \u201cdebe responderse con m\u00e1s presi\u00f3n pol\u00edtica y econ\u00f3mica sobre Mosc\u00fa\u201d. El gobierno de Tallin convoc\u00f3 al encargado de negocios ruso para presentar una protesta formal y anunci\u00f3 que pedir\u00e1 consultas con sus aliados en virtud del Art\u00edculo 4 de la OTAN.<\/p>\n<p>La jefa de la diplomacia europea, Kaja Kallas, calific\u00f3 la incursi\u00f3n como una \u201cprovocaci\u00f3n extremadamente peligrosa\u201d y afirm\u00f3 que \u201cPutin est\u00e1 poniendo a prueba la determinaci\u00f3n de Occidente\u201d. La presidenta de la Comisi\u00f3n Europea, Ursula von der Leyen, pidi\u00f3 acelerar la aprobaci\u00f3n del decimonoveno paquete de sanciones contra Mosc\u00fa, mientras que Polonia y Ucrania tambi\u00e9n denunciaron el episodio como una nueva escalada rusa.<\/p>\n<p>El hecho se produce en un clima de creciente tensi\u00f3n en Europa del Este, tras m\u00faltiples incidentes recientes con aeronaves y drones rusos en el espacio a\u00e9reo de pa\u00edses de la OTAN.<\/p>\n","protected":false},"excerpt":{"rendered":"<p>Tres cazas MiG-31 ingresaron en el espacio a\u00e9reo del pa\u00eds b\u00e1ltico durante 12 minutos. La OTAN despleg\u00f3 F-35 italianos y Suecia tambi\u00e9n particip\u00f3 del operativo. La Uni\u00f3n Europea y Estonia&hellip; <\/p>\n","protected":false},"author":1,"featured_media":60633,"comment_status":"closed","ping_status":"closed","sticky":false,"template":"","format":"standard","meta":{"footnotes":""},"categories":[6],"tags":[],"class_list":["post-60632","post","type-post","status-publish","format-standard","has-post-thumbnail","hentry","category-mundo"],"_links":{"self":[{"href":"http:\/\/elurbanoweb.com.ar\/diario\/wp-json\/wp\/v2\/posts\/60632","targetHints":{"allow":["GET"]}}],"collection":[{"href":"http:\/\/elurbanoweb.com.ar\/diario\/wp-json\/wp\/v2\/posts"}],"about":[{"href":"http:\/\/elurbanoweb.com.ar\/diario\/wp-json\/wp\/v2\/types\/post"}],"author":[{"embeddable":true,"href":"http:\/\/elurbanoweb.com.ar\/diario\/wp-json\/wp\/v2\/users\/1"}],"replies":[{"embeddable":true,"href":"http:\/\/elurbanoweb.com.ar\/diario\/wp-json\/wp\/v2\/comments?post=60632"}],"version-history":[{"count":1,"href":"http:\/\/elurbanoweb.com.ar\/diario\/wp-json\/wp\/v2\/posts\/60632\/revisions"}],"predecessor-version":[{"id":60634,"href":"http:\/\/elurbanoweb.com.ar\/diario\/wp-json\/wp\/v2\/posts\/60632\/revisions\/60634"}],"wp:featuredmedia":[{"embeddable":true,"href":"http:\/\/elurbanoweb.com.ar\/diario\/wp-json\/wp\/v2\/media\/60633"}],"wp:attachment":[{"href":"http:\/\/elurbanoweb.com.ar\/diario\/wp-json\/wp\/v2\/media?parent=60632"}],"wp:term":[{"taxonomy":"category","embeddable":true,"href":"http:\/\/elurbanoweb.com.ar\/diario\/wp-json\/wp\/v2\/categories?post=60632"},{"taxonomy":"post_tag","embeddable":true,"href":"http:\/\/elurbanoweb.com.ar\/diario\/wp-json\/wp\/v2\/tags?post=60632"}],"curies":[{"name":"wp","href":"https:\/\/api.w.org\/{rel}","templated":true}]}}