{"id":60682,"date":"2025-09-20T23:15:29","date_gmt":"2025-09-21T02:15:29","guid":{"rendered":"https:\/\/elurbanoweb.com.ar\/diario\/?p=60682"},"modified":"2025-09-20T23:15:29","modified_gmt":"2025-09-21T02:15:29","slug":"la-municipalidad-presenta-este-domingo-el-festival-de-la-primavera-en-la-plaza-anoranzas","status":"publish","type":"post","link":"http:\/\/elurbanoweb.com.ar\/diario\/la-municipalidad-presenta-este-domingo-el-festival-de-la-primavera-en-la-plaza-anoranzas\/","title":{"rendered":"La Municipalidad presenta este domingo el Festival de la Primavera en la Plaza A\u00f1oranzas"},"content":{"rendered":"<p>La Municipalidad de la Capital organizar\u00e1 este domingo el festival D\u00eda de la Primavera y de los Estudiantes con entrada libre y gratuita y con la presencia de destacados artistas de diferentes g\u00e9neros musicales.<\/p>\n<p><img loading=\"lazy\" decoding=\"async\" class=\"alignnone wp-image-60683 size-full\" src=\"http:\/\/elurbanoweb.com.ar\/diario\/wp-content\/uploads\/2025\/09\/fino.jpg\" alt=\"\" width=\"1010\" height=\"567\" srcset=\"http:\/\/elurbanoweb.com.ar\/diario\/wp-content\/uploads\/2025\/09\/fino.jpg 1010w, http:\/\/elurbanoweb.com.ar\/diario\/wp-content\/uploads\/2025\/09\/fino-300x168.jpg 300w, http:\/\/elurbanoweb.com.ar\/diario\/wp-content\/uploads\/2025\/09\/fino-150x84.jpg 150w\" sizes=\"auto, (max-width: 1010px) 100vw, 1010px\" \/><\/p>\n<p><!--more--><\/p>\n<p>En el escenario de plaza A\u00f1oranzas, se presentar\u00e1n Callejero Fino, Tuti DJ ft. DJ Pereira Remix, Los Bonys, Celena, JL y Los Buenos del Cuarteto, Chavakanos, Roc\u00edo Gonzalez de La Voz Argentina y los Dj invitados Soga, Esteban D\u00edaz y Lautaro Navarrete.<\/p>\n<p>El encuentro convoca a la juventud en un espacio de recreaci\u00f3n y de confraternidad entre amigos.<\/p>\n","protected":false},"excerpt":{"rendered":"<p>La Municipalidad de la Capital organizar\u00e1 este domingo el festival D\u00eda de la Primavera y de los Estudiantes con entrada libre y gratuita y con la presencia de destacados artistas&hellip; <\/p>\n","protected":false},"author":1,"featured_media":60683,"comment_status":"closed","ping_status":"closed","sticky":false,"template":"","format":"standard","meta":{"footnotes":""},"categories":[3],"tags":[],"class_list":["post-60682","post","type-post","status-publish","format-standard","has-post-thumbnail","hentry","category-municipio"],"_links":{"self":[{"href":"http:\/\/elurbanoweb.com.ar\/diario\/wp-json\/wp\/v2\/posts\/60682","targetHints":{"allow":["GET"]}}],"collection":[{"href":"http:\/\/elurbanoweb.com.ar\/diario\/wp-json\/wp\/v2\/posts"}],"about":[{"href":"http:\/\/elurbanoweb.com.ar\/diario\/wp-json\/wp\/v2\/types\/post"}],"author":[{"embeddable":true,"href":"http:\/\/elurbanoweb.com.ar\/diario\/wp-json\/wp\/v2\/users\/1"}],"replies":[{"embeddable":true,"href":"http:\/\/elurbanoweb.com.ar\/diario\/wp-json\/wp\/v2\/comments?post=60682"}],"version-history":[{"count":1,"href":"http:\/\/elurbanoweb.com.ar\/diario\/wp-json\/wp\/v2\/posts\/60682\/revisions"}],"predecessor-version":[{"id":60684,"href":"http:\/\/elurbanoweb.com.ar\/diario\/wp-json\/wp\/v2\/posts\/60682\/revisions\/60684"}],"wp:featuredmedia":[{"embeddable":true,"href":"http:\/\/elurbanoweb.com.ar\/diario\/wp-json\/wp\/v2\/media\/60683"}],"wp:attachment":[{"href":"http:\/\/elurbanoweb.com.ar\/diario\/wp-json\/wp\/v2\/media?parent=60682"}],"wp:term":[{"taxonomy":"category","embeddable":true,"href":"http:\/\/elurbanoweb.com.ar\/diario\/wp-json\/wp\/v2\/categories?post=60682"},{"taxonomy":"post_tag","embeddable":true,"href":"http:\/\/elurbanoweb.com.ar\/diario\/wp-json\/wp\/v2\/tags?post=60682"}],"curies":[{"name":"wp","href":"https:\/\/api.w.org\/{rel}","templated":true}]}}