{"id":60685,"date":"2025-09-20T23:17:47","date_gmt":"2025-09-21T02:17:47","guid":{"rendered":"https:\/\/elurbanoweb.com.ar\/diario\/?p=60685"},"modified":"2025-09-20T23:17:47","modified_gmt":"2025-09-21T02:17:47","slug":"mas-de-300-docentes-municipales-fueron-agasajados-con-una-cena-show-en-la-banda","status":"publish","type":"post","link":"http:\/\/elurbanoweb.com.ar\/diario\/mas-de-300-docentes-municipales-fueron-agasajados-con-una-cena-show-en-la-banda\/","title":{"rendered":"M\u00e1s de 300 docentes municipales fueron agasajados con una cena show en La Banda"},"content":{"rendered":"<p>La Subsecretar\u00eda de Educaci\u00f3n y Cultura agasaj\u00f3 a los maestros y profesores con una velada especial en el Gimnasio Municipal, destacando su compromiso con la formaci\u00f3n de los j\u00f3venes y ni\u00f1os de la ciudad.<\/p>\n<p><img loading=\"lazy\" decoding=\"async\" class=\"alignnone wp-image-60686 size-full\" src=\"http:\/\/elurbanoweb.com.ar\/diario\/wp-content\/uploads\/2025\/09\/agasajo3.jpg\" alt=\"\" width=\"1010\" height=\"567\" srcset=\"http:\/\/elurbanoweb.com.ar\/diario\/wp-content\/uploads\/2025\/09\/agasajo3.jpg 1010w, http:\/\/elurbanoweb.com.ar\/diario\/wp-content\/uploads\/2025\/09\/agasajo3-300x168.jpg 300w, http:\/\/elurbanoweb.com.ar\/diario\/wp-content\/uploads\/2025\/09\/agasajo3-150x84.jpg 150w\" sizes=\"auto, (max-width: 1010px) 100vw, 1010px\" \/><\/p>\n<p><!--more--><\/p>\n<p>En una emotiva noche celebrada en las instalaciones del Gimnasio Municipal, docentes de la Subsecretar\u00eda de Educaci\u00f3n y Cultura de la Municipalidad de La Banda recibieron certificados de distinci\u00f3n por su esfuerzo y dedicaci\u00f3n en el \u00e1mbito educativo. La velada, que incluy\u00f3 una cena de gala, tambi\u00e9n cont\u00f3 con un show en vivo del artista Charly Latino, quien anim\u00f3 la noche con su m\u00fasica y gener\u00f3 un ambiente festivo para todos los presentes.<\/p>\n<p>La ceremonia fue presidida por el intendente Roger Nediani, quien estuvo acompa\u00f1ado por el viceintendente Gabriel Santill\u00e1n, la subsecretaria de Educaci\u00f3n y Cultura, Dra. Alejandra Far\u00edas, y miembros de la Junta de Calificaci\u00f3n y Clasificaci\u00f3n de la ciudad de La Banda, entre otras autoridades.<\/p>\n<p>En su discurso, el intendente Nediani expres\u00f3 su satisfacci\u00f3n por poder agasajar a las maestras de los jardines de infantes municipales y a los profesores que trabajan en las diversas \u00e1reas del Municipio. \u201cApostamos siempre a la educaci\u00f3n porque entendemos que los ni\u00f1os y j\u00f3venes son el futuro y nuestros docentes tienen la ardua responsabilidad de formarlos. Lo hacen siempre desde el amor y el compromiso. Por eso es que reconocemos y valoramos todo el esfuerzo diario\u201d, destac\u00f3 Nediani, resaltando el rol fundamental de los docentes en el desarrollo de la sociedad.<\/p>\n<p>El evento tambi\u00e9n fue una ocasi\u00f3n para fortalecer los lazos entre las autoridades municipales y los trabajadores de la educaci\u00f3n, generando un ambiente de camarader\u00eda y agradecimiento por la tarea realizada. La entrega de distinciones fue un reconocimiento p\u00fablico al incansable trabajo de quienes, con dedicaci\u00f3n y vocaci\u00f3n, contribuyen al crecimiento y la formaci\u00f3n de los estudiantes bande\u00f1os.<\/p>\n","protected":false},"excerpt":{"rendered":"<p>La Subsecretar\u00eda de Educaci\u00f3n y Cultura agasaj\u00f3 a los maestros y profesores con una velada especial en el Gimnasio Municipal, destacando su compromiso con la formaci\u00f3n de los j\u00f3venes y&hellip; <\/p>\n","protected":false},"author":1,"featured_media":60686,"comment_status":"closed","ping_status":"closed","sticky":false,"template":"","format":"standard","meta":{"footnotes":""},"categories":[9],"tags":[],"class_list":["post-60685","post","type-post","status-publish","format-standard","has-post-thumbnail","hentry","category-la-banda"],"_links":{"self":[{"href":"http:\/\/elurbanoweb.com.ar\/diario\/wp-json\/wp\/v2\/posts\/60685","targetHints":{"allow":["GET"]}}],"collection":[{"href":"http:\/\/elurbanoweb.com.ar\/diario\/wp-json\/wp\/v2\/posts"}],"about":[{"href":"http:\/\/elurbanoweb.com.ar\/diario\/wp-json\/wp\/v2\/types\/post"}],"author":[{"embeddable":true,"href":"http:\/\/elurbanoweb.com.ar\/diario\/wp-json\/wp\/v2\/users\/1"}],"replies":[{"embeddable":true,"href":"http:\/\/elurbanoweb.com.ar\/diario\/wp-json\/wp\/v2\/comments?post=60685"}],"version-history":[{"count":1,"href":"http:\/\/elurbanoweb.com.ar\/diario\/wp-json\/wp\/v2\/posts\/60685\/revisions"}],"predecessor-version":[{"id":60687,"href":"http:\/\/elurbanoweb.com.ar\/diario\/wp-json\/wp\/v2\/posts\/60685\/revisions\/60687"}],"wp:featuredmedia":[{"embeddable":true,"href":"http:\/\/elurbanoweb.com.ar\/diario\/wp-json\/wp\/v2\/media\/60686"}],"wp:attachment":[{"href":"http:\/\/elurbanoweb.com.ar\/diario\/wp-json\/wp\/v2\/media?parent=60685"}],"wp:term":[{"taxonomy":"category","embeddable":true,"href":"http:\/\/elurbanoweb.com.ar\/diario\/wp-json\/wp\/v2\/categories?post=60685"},{"taxonomy":"post_tag","embeddable":true,"href":"http:\/\/elurbanoweb.com.ar\/diario\/wp-json\/wp\/v2\/tags?post=60685"}],"curies":[{"name":"wp","href":"https:\/\/api.w.org\/{rel}","templated":true}]}}