{"id":60688,"date":"2025-09-21T10:11:38","date_gmt":"2025-09-21T13:11:38","guid":{"rendered":"https:\/\/elurbanoweb.com.ar\/diario\/?p=60688"},"modified":"2025-09-21T10:11:38","modified_gmt":"2025-09-21T13:11:38","slug":"el-camm-n-6-desarrollo-una-charla-de-concientizacion-en-el-mes-de-la-prevencion-del-suicidio","status":"publish","type":"post","link":"http:\/\/elurbanoweb.com.ar\/diario\/el-camm-n-6-desarrollo-una-charla-de-concientizacion-en-el-mes-de-la-prevencion-del-suicidio\/","title":{"rendered":"El CAMM N\u00b0 6 desarroll\u00f3 una charla de concientizaci\u00f3n en el \u201cMes de la Prevenci\u00f3n del Suicidio\u201d"},"content":{"rendered":"<p>La Secretar\u00eda de Salud de la Municipalidad de La Banda organiz\u00f3 una actividad de sensibilizaci\u00f3n y reflexi\u00f3n en el CAMM N\u00b0 6 del barrio El Rinc\u00f3n, con el objetivo de promover el di\u00e1logo y apoyo en torno a la salud mental.<\/p>\n<p><img loading=\"lazy\" decoding=\"async\" class=\"alignnone wp-image-60689 size-full\" src=\"http:\/\/elurbanoweb.com.ar\/diario\/wp-content\/uploads\/2025\/09\/cam1.jpg\" alt=\"\" width=\"1010\" height=\"567\" srcset=\"http:\/\/elurbanoweb.com.ar\/diario\/wp-content\/uploads\/2025\/09\/cam1.jpg 1010w, http:\/\/elurbanoweb.com.ar\/diario\/wp-content\/uploads\/2025\/09\/cam1-300x168.jpg 300w, http:\/\/elurbanoweb.com.ar\/diario\/wp-content\/uploads\/2025\/09\/cam1-150x84.jpg 150w\" sizes=\"auto, (max-width: 1010px) 100vw, 1010px\" \/><\/p>\n<p><!--more--><\/p>\n<p>En el marco del Mes de la Prevenci\u00f3n del Suicidio, la Secretar\u00eda de Salud de la Municipalidad de La Banda llev\u00f3 a cabo una charla dirigida a los pacientes del CAMM N\u00b0 6 del barrio El Rinc\u00f3n, en colaboraci\u00f3n con el equipo de salud del centro. La actividad estuvo centrada en la importancia de hablar sobre salud mental, escuchar sin juzgar y brindar apoyo oportuno como herramientas clave para prevenir el suicidio.<\/p>\n<p>Durante el encuentro, se subray\u00f3 la importancia de la detecci\u00f3n temprana de problemas emocionales y el acceso a un tratamiento adecuado como medidas fundamentales para salvar vidas y apoyar a quienes atraviesan momentos de vulnerabilidad emocional. Se hizo hincapi\u00e9 en que la prevenci\u00f3n del suicidio es una responsabilidad colectiva que involucra a todos los sectores de la sociedad.<\/p>\n<p>El secretario de Salud, Julio C\u00e9sar Scabuzzo, destac\u00f3 la necesidad de empat\u00eda, escucha activa y presencia real para enfrentar el desaf\u00edo de la prevenci\u00f3n del suicidio. En su intervenci\u00f3n, Scabuzzo expres\u00f3: \u00abPrevenir el suicidio es un desaf\u00edo colectivo que requiere empat\u00eda, escucha y presencia real. Desde nuestros centros trabajamos para abrir espacios de di\u00e1logo y acompa\u00f1amiento, porque sabemos que la salud mental es tan importante como la f\u00edsica\u00bb.<\/p>\n<p>El funcionario tambi\u00e9n reafirm\u00f3 el compromiso de la gesti\u00f3n del intendente Ing. Roger El\u00edas Nediani de construir una ciudad m\u00e1s solidaria, cercana y protectora de la vida, subrayando la importancia de crear ambientes donde se pueda hablar abiertamente sobre la salud mental sin estigmas ni prejuicios.<\/p>\n<p>La actividad se enmarca dentro de una serie de iniciativas destinadas a concientizar a la comunidad sobre la importancia de la prevenci\u00f3n del suicidio y de cuidar la salud mental como parte integral del bienestar general.<\/p>\n","protected":false},"excerpt":{"rendered":"<p>La Secretar\u00eda de Salud de la Municipalidad de La Banda organiz\u00f3 una actividad de sensibilizaci\u00f3n y reflexi\u00f3n en el CAMM N\u00b0 6 del barrio El Rinc\u00f3n, con el objetivo de&hellip; <\/p>\n","protected":false},"author":1,"featured_media":60689,"comment_status":"closed","ping_status":"closed","sticky":false,"template":"","format":"standard","meta":{"footnotes":""},"categories":[9],"tags":[],"class_list":["post-60688","post","type-post","status-publish","format-standard","has-post-thumbnail","hentry","category-la-banda"],"_links":{"self":[{"href":"http:\/\/elurbanoweb.com.ar\/diario\/wp-json\/wp\/v2\/posts\/60688","targetHints":{"allow":["GET"]}}],"collection":[{"href":"http:\/\/elurbanoweb.com.ar\/diario\/wp-json\/wp\/v2\/posts"}],"about":[{"href":"http:\/\/elurbanoweb.com.ar\/diario\/wp-json\/wp\/v2\/types\/post"}],"author":[{"embeddable":true,"href":"http:\/\/elurbanoweb.com.ar\/diario\/wp-json\/wp\/v2\/users\/1"}],"replies":[{"embeddable":true,"href":"http:\/\/elurbanoweb.com.ar\/diario\/wp-json\/wp\/v2\/comments?post=60688"}],"version-history":[{"count":1,"href":"http:\/\/elurbanoweb.com.ar\/diario\/wp-json\/wp\/v2\/posts\/60688\/revisions"}],"predecessor-version":[{"id":60690,"href":"http:\/\/elurbanoweb.com.ar\/diario\/wp-json\/wp\/v2\/posts\/60688\/revisions\/60690"}],"wp:featuredmedia":[{"embeddable":true,"href":"http:\/\/elurbanoweb.com.ar\/diario\/wp-json\/wp\/v2\/media\/60689"}],"wp:attachment":[{"href":"http:\/\/elurbanoweb.com.ar\/diario\/wp-json\/wp\/v2\/media?parent=60688"}],"wp:term":[{"taxonomy":"category","embeddable":true,"href":"http:\/\/elurbanoweb.com.ar\/diario\/wp-json\/wp\/v2\/categories?post=60688"},{"taxonomy":"post_tag","embeddable":true,"href":"http:\/\/elurbanoweb.com.ar\/diario\/wp-json\/wp\/v2\/tags?post=60688"}],"curies":[{"name":"wp","href":"https:\/\/api.w.org\/{rel}","templated":true}]}}