{"id":60711,"date":"2025-09-21T10:27:38","date_gmt":"2025-09-21T13:27:38","guid":{"rendered":"https:\/\/elurbanoweb.com.ar\/diario\/?p=60711"},"modified":"2025-09-21T10:27:38","modified_gmt":"2025-09-21T13:27:38","slug":"el-gobernador-zamora-estuvo-presente-en-la-copa-del-mundo-uci-bmx-racing-que-se-disputa-en-la-provincia","status":"publish","type":"post","link":"http:\/\/elurbanoweb.com.ar\/diario\/el-gobernador-zamora-estuvo-presente-en-la-copa-del-mundo-uci-bmx-racing-que-se-disputa-en-la-provincia\/","title":{"rendered":"El Gobernador Zamora estuvo presente en la copa del Mundo UCI BMX Racing que se disputa en la provincia"},"content":{"rendered":"<p>El gobernador Gerardo Zamora junto al jefe de gabinete de ministros, El\u00edas Suarez, particip\u00f3 de la primera jornada de la Copa del Mundo UCI BMX Racing 2025, que se desarrolla del 20 al 21 de septiembre en la pista la Catedral del BMX del Polideportivo provincial, convocando a 300 pilotos de 26 pa\u00edses.<\/p>\n<p><img loading=\"lazy\" decoding=\"async\" class=\"alignnone wp-image-60712 size-large\" src=\"http:\/\/elurbanoweb.com.ar\/diario\/wp-content\/uploads\/2025\/09\/presente-1024x682.jpg\" alt=\"\" width=\"1024\" height=\"682\" srcset=\"http:\/\/elurbanoweb.com.ar\/diario\/wp-content\/uploads\/2025\/09\/presente-1024x682.jpg 1024w, http:\/\/elurbanoweb.com.ar\/diario\/wp-content\/uploads\/2025\/09\/presente-300x200.jpg 300w, http:\/\/elurbanoweb.com.ar\/diario\/wp-content\/uploads\/2025\/09\/presente-150x100.jpg 150w, http:\/\/elurbanoweb.com.ar\/diario\/wp-content\/uploads\/2025\/09\/presente.jpg 1280w\" sizes=\"auto, (max-width: 1024px) 100vw, 1024px\" \/><\/p>\n<p><!--more--><\/p>\n<p>Fueron recibidos por el presidente de la federaci\u00f3n Argentina, H\u00e9ctor Ciappino y tambi\u00e9n estuvo presente el vicegobernador, Carlos Silva Neder, el secretario de deportes, Carlos Dapello y el subsecretario de turismo, Nelson Bravo.<\/p>\n<p>Cabe destacar que en el certamen se encuentran participando nueve pilotos santiague\u00f1os, entre ellos; Mia Torres, Guadalupe Scarano, Julieta Ruiz, Claudio D\u00edaz Chevalier, Lisandro D\u00edaz, Fran Lazarte, Tiziano Ch\u00e1vez y Benjam\u00edn Bulacia.<\/p>\n","protected":false},"excerpt":{"rendered":"<p>El gobernador Gerardo Zamora junto al jefe de gabinete de ministros, El\u00edas Suarez, particip\u00f3 de la primera jornada de la Copa del Mundo UCI BMX Racing 2025, que se desarrolla&hellip; <\/p>\n","protected":false},"author":1,"featured_media":60712,"comment_status":"closed","ping_status":"closed","sticky":false,"template":"","format":"standard","meta":{"footnotes":""},"categories":[4],"tags":[],"class_list":["post-60711","post","type-post","status-publish","format-standard","has-post-thumbnail","hentry","category-deportes"],"_links":{"self":[{"href":"http:\/\/elurbanoweb.com.ar\/diario\/wp-json\/wp\/v2\/posts\/60711","targetHints":{"allow":["GET"]}}],"collection":[{"href":"http:\/\/elurbanoweb.com.ar\/diario\/wp-json\/wp\/v2\/posts"}],"about":[{"href":"http:\/\/elurbanoweb.com.ar\/diario\/wp-json\/wp\/v2\/types\/post"}],"author":[{"embeddable":true,"href":"http:\/\/elurbanoweb.com.ar\/diario\/wp-json\/wp\/v2\/users\/1"}],"replies":[{"embeddable":true,"href":"http:\/\/elurbanoweb.com.ar\/diario\/wp-json\/wp\/v2\/comments?post=60711"}],"version-history":[{"count":1,"href":"http:\/\/elurbanoweb.com.ar\/diario\/wp-json\/wp\/v2\/posts\/60711\/revisions"}],"predecessor-version":[{"id":60713,"href":"http:\/\/elurbanoweb.com.ar\/diario\/wp-json\/wp\/v2\/posts\/60711\/revisions\/60713"}],"wp:featuredmedia":[{"embeddable":true,"href":"http:\/\/elurbanoweb.com.ar\/diario\/wp-json\/wp\/v2\/media\/60712"}],"wp:attachment":[{"href":"http:\/\/elurbanoweb.com.ar\/diario\/wp-json\/wp\/v2\/media?parent=60711"}],"wp:term":[{"taxonomy":"category","embeddable":true,"href":"http:\/\/elurbanoweb.com.ar\/diario\/wp-json\/wp\/v2\/categories?post=60711"},{"taxonomy":"post_tag","embeddable":true,"href":"http:\/\/elurbanoweb.com.ar\/diario\/wp-json\/wp\/v2\/tags?post=60711"}],"curies":[{"name":"wp","href":"https:\/\/api.w.org\/{rel}","templated":true}]}}