{"id":60809,"date":"2025-09-24T09:23:22","date_gmt":"2025-09-24T12:23:22","guid":{"rendered":"https:\/\/elurbanoweb.com.ar\/diario\/?p=60809"},"modified":"2025-09-24T09:23:22","modified_gmt":"2025-09-24T12:23:22","slug":"la-unse-participa-con-propuestas-academicas-y-culturales-en-la-15-feria-del-libro","status":"publish","type":"post","link":"http:\/\/elurbanoweb.com.ar\/diario\/la-unse-participa-con-propuestas-academicas-y-culturales-en-la-15-feria-del-libro\/","title":{"rendered":"La UNSE participa con propuestas acad\u00e9micas y culturales en la 15\u00b0 Feria del Libro"},"content":{"rendered":"<p>La Universidad Nacional de Santiago del Estero participa activamente en la 15\u00aa Feria del Libro, con tres espacios y propuestas que reflejan su diversidad y compromiso con la cultura, la educaci\u00f3n y la comunicaci\u00f3n: el stand institucional de la UNSE, el de la Editorial EDUNSE y el de Radio Universidad, que emitir\u00e1 su programaci\u00f3n en vivo desde el Forum.<\/p>\n<p><img loading=\"lazy\" decoding=\"async\" class=\"alignnone wp-image-60810 size-full\" src=\"http:\/\/elurbanoweb.com.ar\/diario\/wp-content\/uploads\/2025\/09\/prepara.jpg\" alt=\"\" width=\"1024\" height=\"683\" srcset=\"http:\/\/elurbanoweb.com.ar\/diario\/wp-content\/uploads\/2025\/09\/prepara.jpg 1024w, http:\/\/elurbanoweb.com.ar\/diario\/wp-content\/uploads\/2025\/09\/prepara-300x200.jpg 300w, http:\/\/elurbanoweb.com.ar\/diario\/wp-content\/uploads\/2025\/09\/prepara-150x100.jpg 150w\" sizes=\"auto, (max-width: 1024px) 100vw, 1024px\" \/><\/p>\n<p><!--more--><\/p>\n<p>Conoc\u00e9 las carreras de la UNSE<br \/>\nQuienes visiten la Feria podr\u00e1n conocer en detalle la oferta acad\u00e9mica de pregrado, grado y posgrado de las cinco Facultades, la Escuela para la Innovaci\u00f3n Educativa y la Escuela de Artes y Oficios, adem\u00e1s de recibir informaci\u00f3n sobre programas, proyectos y servicios que la universidad pone a disposici\u00f3n de la comunidad.<br \/>\nEntre las actividades programadas se encuentra la presentaci\u00f3n del libro Punto de Encuentro-Volumen 4 (25\/09, 17 h), en la sala Jos\u00e9 A. Sosa; y la entrega de premios de la Quinta Edici\u00f3n del Concurso Provincial de Obras Literarias de Poes\u00eda y Narrativa \u00abProfesor Oreste Edmundo Pereyra\u00bb, (27\/09, 19:30 h), que se realizar\u00e1 en el stand de la Sociedad Argentina de Escritores (SADE) Secci\u00f3n Santiago del Estero, como una propuesta conjunta de ambas instituciones.<\/p>\n<p>Los t\u00edtulos de EDUNSE<br \/>\nLa editorial universitaria no solo expone sus t\u00edtulos y los de la red REUN-LUA, sino que tambi\u00e9n organiza talleres, lecturas y presentaciones de libros.<br \/>\nEntre las propuestas se destacan:<br \/>\n\u2022 Taller Kichwap Chawpinpi (24\/9, 15 h) destinado a estudiantes secundarios.<br \/>\n\u2022 Lecturas conjuntas de autoras santiague\u00f1as (25\/9 y 26\/9) a cargo de Mariana Rivadero.<br \/>\n\u2022 Taller de dise\u00f1o de tapas para ni\u00f1os y ni\u00f1as (27\/9, 10 h).<br \/>\nAdem\u00e1s, EDUNSE realizar\u00e1 la presentaci\u00f3n de sus nuevos t\u00edtulos: El cuidado de la vida ante el colapso (25\/9, 18 h), La espera del maestro (25\/9, 21:15 h), Manuscrito de Huarochiri (26\/9, 17:40 h), Valoraci\u00f3n Forestal (26\/9, 22 h) y Vidas ajenas (27\/9, 20:30 h), entre otras.<\/p>\n<p>Radio Universidad en vivo<br \/>\nCon una programaci\u00f3n especial desde la Feria, la emisora universitaria mantiene sus programas habituales, y suma intervenciones con invitados, an\u00e1lisis, opini\u00f3n, informaci\u00f3n y mucha m\u00fasica, generando un espacio din\u00e1mico que conecta a la comunidad con lo que ocurre d\u00eda a d\u00eda en el evento cultural m\u00e1s importante de la provincia.<br \/>\nPuedes sintonizarla en el 92.9 del dial o escucharla online a trav\u00e9s de https:\/\/www.unse.edu.ar\/repro.html<br \/>\nDe esta forma, la UNSE renueva su compromiso con la comunidad al participar en la 15\u00b0 Feria del Libro con una agenda diversa y enriquecedora, que invita a estudiantes, docentes, escritores, artistas y al p\u00fablico en general a ser parte de un espacio de encuentro donde la educaci\u00f3n, la cultura y la comunicaci\u00f3n se ponen en di\u00e1logo permanente.<\/p>\n","protected":false},"excerpt":{"rendered":"<p>La Universidad Nacional de Santiago del Estero participa activamente en la 15\u00aa Feria del Libro, con tres espacios y propuestas que reflejan su diversidad y compromiso con la cultura, la&hellip; <\/p>\n","protected":false},"author":1,"featured_media":60810,"comment_status":"closed","ping_status":"closed","sticky":false,"template":"","format":"standard","meta":{"footnotes":""},"categories":[15],"tags":[],"class_list":["post-60809","post","type-post","status-publish","format-standard","has-post-thumbnail","hentry","category-unse"],"_links":{"self":[{"href":"http:\/\/elurbanoweb.com.ar\/diario\/wp-json\/wp\/v2\/posts\/60809","targetHints":{"allow":["GET"]}}],"collection":[{"href":"http:\/\/elurbanoweb.com.ar\/diario\/wp-json\/wp\/v2\/posts"}],"about":[{"href":"http:\/\/elurbanoweb.com.ar\/diario\/wp-json\/wp\/v2\/types\/post"}],"author":[{"embeddable":true,"href":"http:\/\/elurbanoweb.com.ar\/diario\/wp-json\/wp\/v2\/users\/1"}],"replies":[{"embeddable":true,"href":"http:\/\/elurbanoweb.com.ar\/diario\/wp-json\/wp\/v2\/comments?post=60809"}],"version-history":[{"count":1,"href":"http:\/\/elurbanoweb.com.ar\/diario\/wp-json\/wp\/v2\/posts\/60809\/revisions"}],"predecessor-version":[{"id":60811,"href":"http:\/\/elurbanoweb.com.ar\/diario\/wp-json\/wp\/v2\/posts\/60809\/revisions\/60811"}],"wp:featuredmedia":[{"embeddable":true,"href":"http:\/\/elurbanoweb.com.ar\/diario\/wp-json\/wp\/v2\/media\/60810"}],"wp:attachment":[{"href":"http:\/\/elurbanoweb.com.ar\/diario\/wp-json\/wp\/v2\/media?parent=60809"}],"wp:term":[{"taxonomy":"category","embeddable":true,"href":"http:\/\/elurbanoweb.com.ar\/diario\/wp-json\/wp\/v2\/categories?post=60809"},{"taxonomy":"post_tag","embeddable":true,"href":"http:\/\/elurbanoweb.com.ar\/diario\/wp-json\/wp\/v2\/tags?post=60809"}],"curies":[{"name":"wp","href":"https:\/\/api.w.org\/{rel}","templated":true}]}}