{"id":60827,"date":"2025-09-24T17:26:07","date_gmt":"2025-09-24T20:26:07","guid":{"rendered":"https:\/\/elurbanoweb.com.ar\/diario\/?p=60827"},"modified":"2025-09-24T17:26:07","modified_gmt":"2025-09-24T20:26:07","slug":"alumnos-de-barrancas-coloradas-visitaron-casa-de-gobierno","status":"publish","type":"post","link":"http:\/\/elurbanoweb.com.ar\/diario\/alumnos-de-barrancas-coloradas-visitaron-casa-de-gobierno\/","title":{"rendered":"Alumnos de Barrancas Coloradas visitaron Casa de Gobierno"},"content":{"rendered":"<p>El ministro de Gobierno, Marcelo Barbur, en representaci\u00f3n del gobernador Gerardo Zamora, recibi\u00f3 este mi\u00e9rcoles en Casa de Gobierno a 12 alumnos de la Escuela N\u00ba 925 \u201cGranadero de San Mart\u00edn\u201d de la localidad de Barrancas Coloradas, departamento San Mart\u00edn.<\/p>\n<p><img loading=\"lazy\" decoding=\"async\" class=\"alignnone wp-image-60828 size-large\" src=\"http:\/\/elurbanoweb.com.ar\/diario\/wp-content\/uploads\/2025\/09\/barbur-1024x682.jpg\" alt=\"\" width=\"1024\" height=\"682\" srcset=\"http:\/\/elurbanoweb.com.ar\/diario\/wp-content\/uploads\/2025\/09\/barbur-1024x682.jpg 1024w, http:\/\/elurbanoweb.com.ar\/diario\/wp-content\/uploads\/2025\/09\/barbur-300x200.jpg 300w, http:\/\/elurbanoweb.com.ar\/diario\/wp-content\/uploads\/2025\/09\/barbur-150x100.jpg 150w, http:\/\/elurbanoweb.com.ar\/diario\/wp-content\/uploads\/2025\/09\/barbur-1536x1024.jpg 1536w, http:\/\/elurbanoweb.com.ar\/diario\/wp-content\/uploads\/2025\/09\/barbur-2048x1365.jpg 2048w\" sizes=\"auto, (max-width: 1024px) 100vw, 1024px\" \/><\/p>\n<p><!--more--><\/p>\n<p>Los alumnos de s\u00e9ptimo grado estuvieron acompa\u00f1ados por la docente Silvia Acosta y un grupo de padres, quienes tienen previsto visitar lugares emblem\u00e1ticos de la ciudad Capital y tambi\u00e9n Las Termas de R\u00edo Hondo.<\/p>\n","protected":false},"excerpt":{"rendered":"<p>El ministro de Gobierno, Marcelo Barbur, en representaci\u00f3n del gobernador Gerardo Zamora, recibi\u00f3 este mi\u00e9rcoles en Casa de Gobierno a 12 alumnos de la Escuela N\u00ba 925 \u201cGranadero de San&hellip; <\/p>\n","protected":false},"author":1,"featured_media":60828,"comment_status":"closed","ping_status":"closed","sticky":false,"template":"","format":"standard","meta":{"footnotes":""},"categories":[2],"tags":[],"class_list":["post-60827","post","type-post","status-publish","format-standard","has-post-thumbnail","hentry","category-gobierno"],"_links":{"self":[{"href":"http:\/\/elurbanoweb.com.ar\/diario\/wp-json\/wp\/v2\/posts\/60827","targetHints":{"allow":["GET"]}}],"collection":[{"href":"http:\/\/elurbanoweb.com.ar\/diario\/wp-json\/wp\/v2\/posts"}],"about":[{"href":"http:\/\/elurbanoweb.com.ar\/diario\/wp-json\/wp\/v2\/types\/post"}],"author":[{"embeddable":true,"href":"http:\/\/elurbanoweb.com.ar\/diario\/wp-json\/wp\/v2\/users\/1"}],"replies":[{"embeddable":true,"href":"http:\/\/elurbanoweb.com.ar\/diario\/wp-json\/wp\/v2\/comments?post=60827"}],"version-history":[{"count":1,"href":"http:\/\/elurbanoweb.com.ar\/diario\/wp-json\/wp\/v2\/posts\/60827\/revisions"}],"predecessor-version":[{"id":60829,"href":"http:\/\/elurbanoweb.com.ar\/diario\/wp-json\/wp\/v2\/posts\/60827\/revisions\/60829"}],"wp:featuredmedia":[{"embeddable":true,"href":"http:\/\/elurbanoweb.com.ar\/diario\/wp-json\/wp\/v2\/media\/60828"}],"wp:attachment":[{"href":"http:\/\/elurbanoweb.com.ar\/diario\/wp-json\/wp\/v2\/media?parent=60827"}],"wp:term":[{"taxonomy":"category","embeddable":true,"href":"http:\/\/elurbanoweb.com.ar\/diario\/wp-json\/wp\/v2\/categories?post=60827"},{"taxonomy":"post_tag","embeddable":true,"href":"http:\/\/elurbanoweb.com.ar\/diario\/wp-json\/wp\/v2\/tags?post=60827"}],"curies":[{"name":"wp","href":"https:\/\/api.w.org\/{rel}","templated":true}]}}