{"id":60830,"date":"2025-09-24T17:28:24","date_gmt":"2025-09-24T20:28:24","guid":{"rendered":"https:\/\/elurbanoweb.com.ar\/diario\/?p=60830"},"modified":"2025-09-24T17:28:24","modified_gmt":"2025-09-24T20:28:24","slug":"el-cine-renzi-renueva-su-cartelera-con-una-amplia-variedad-de-propuestas","status":"publish","type":"post","link":"http:\/\/elurbanoweb.com.ar\/diario\/el-cine-renzi-renueva-su-cartelera-con-una-amplia-variedad-de-propuestas\/","title":{"rendered":"El Cine Renzi renueva su cartelera con una amplia variedad de propuestas"},"content":{"rendered":"<p>La Municipalidad de La Banda, a trav\u00e9s del Cine Teatro Renzi, dio a conocer la nueva programaci\u00f3n que se proyectar\u00e1 desde el jueves 25 de septiembre hasta el mi\u00e9rcoles 1 de octubre, con propuestas para toda la familia y entradas accesibles para el p\u00fablico.<\/p>\n<p><img loading=\"lazy\" decoding=\"async\" class=\"alignnone wp-image-60831 size-full\" src=\"http:\/\/elurbanoweb.com.ar\/diario\/wp-content\/uploads\/2025\/09\/renzi4-1.jpg\" alt=\"\" width=\"1010\" height=\"567\" srcset=\"http:\/\/elurbanoweb.com.ar\/diario\/wp-content\/uploads\/2025\/09\/renzi4-1.jpg 1010w, http:\/\/elurbanoweb.com.ar\/diario\/wp-content\/uploads\/2025\/09\/renzi4-1-300x168.jpg 300w, http:\/\/elurbanoweb.com.ar\/diario\/wp-content\/uploads\/2025\/09\/renzi4-1-150x84.jpg 150w\" sizes=\"auto, (max-width: 1010px) 100vw, 1010px\" \/><\/p>\n<p><!--more--><\/p>\n<p>\u201cLa Casa de Mu\u00f1ecas de Gabby\u201d es una divertida propuesta infantil basada en la exitosa serie animada, que invita a los m\u00e1s peque\u00f1os a vivir aventuras m\u00e1gicas en un mundo de juguetes y colores. Podr\u00e1 verse en los horarios de las 16:10 y 18:30hs.<\/p>\n<p>Desde el cine se dio a conocer que el precio de las entradas para menores es de $5.000; para mayores de $6.000.<\/p>\n<p>Como parte del Espacio INCAA \u201cPap\u00e1 por Dos\u201d se proyectar\u00e1 del 25 al 28 a las 20. Es una comedia argentina que combina ternura y enredos familiares, donde una adolescente emprende un viaje en busca de su verdadera identidad.<\/p>\n<p>Asimismo, la pel\u00edcula \u201cUna Batalla tras Otra\u201d de acci\u00f3n y suspenso es una historia llena de adrenalina, en la que un soldado deber\u00e1 enfrentarse a m\u00faltiples desaf\u00edos en medio de un conflicto sin tregua. Se proyectar\u00e1 en el \u00fanico horario 21:50hs.<\/p>\n<p>Desde el cine se dio a conocer que el precio de las entradas para menores es de $5.000; para mayores de $6.000; del Espacio INCAA $2.600; y la promoci\u00f3n vigente es de lunes a mi\u00e9rcoles 2&#215;1.<\/p>\n<p>El Cine Teatro Renzi, ubicado en Av. Besares 151, contin\u00faa siendo un espacio cultural de referencia para las familias bande\u00f1as, ofreciendo una variada cartelera que combina cine infantil, nacional e internacional.<\/p>\n","protected":false},"excerpt":{"rendered":"<p>La Municipalidad de La Banda, a trav\u00e9s del Cine Teatro Renzi, dio a conocer la nueva programaci\u00f3n que se proyectar\u00e1 desde el jueves 25 de septiembre hasta el mi\u00e9rcoles 1&hellip; <\/p>\n","protected":false},"author":1,"featured_media":60831,"comment_status":"closed","ping_status":"closed","sticky":false,"template":"","format":"standard","meta":{"footnotes":""},"categories":[9],"tags":[],"class_list":["post-60830","post","type-post","status-publish","format-standard","has-post-thumbnail","hentry","category-la-banda"],"_links":{"self":[{"href":"http:\/\/elurbanoweb.com.ar\/diario\/wp-json\/wp\/v2\/posts\/60830","targetHints":{"allow":["GET"]}}],"collection":[{"href":"http:\/\/elurbanoweb.com.ar\/diario\/wp-json\/wp\/v2\/posts"}],"about":[{"href":"http:\/\/elurbanoweb.com.ar\/diario\/wp-json\/wp\/v2\/types\/post"}],"author":[{"embeddable":true,"href":"http:\/\/elurbanoweb.com.ar\/diario\/wp-json\/wp\/v2\/users\/1"}],"replies":[{"embeddable":true,"href":"http:\/\/elurbanoweb.com.ar\/diario\/wp-json\/wp\/v2\/comments?post=60830"}],"version-history":[{"count":1,"href":"http:\/\/elurbanoweb.com.ar\/diario\/wp-json\/wp\/v2\/posts\/60830\/revisions"}],"predecessor-version":[{"id":60832,"href":"http:\/\/elurbanoweb.com.ar\/diario\/wp-json\/wp\/v2\/posts\/60830\/revisions\/60832"}],"wp:featuredmedia":[{"embeddable":true,"href":"http:\/\/elurbanoweb.com.ar\/diario\/wp-json\/wp\/v2\/media\/60831"}],"wp:attachment":[{"href":"http:\/\/elurbanoweb.com.ar\/diario\/wp-json\/wp\/v2\/media?parent=60830"}],"wp:term":[{"taxonomy":"category","embeddable":true,"href":"http:\/\/elurbanoweb.com.ar\/diario\/wp-json\/wp\/v2\/categories?post=60830"},{"taxonomy":"post_tag","embeddable":true,"href":"http:\/\/elurbanoweb.com.ar\/diario\/wp-json\/wp\/v2\/tags?post=60830"}],"curies":[{"name":"wp","href":"https:\/\/api.w.org\/{rel}","templated":true}]}}