{"id":60988,"date":"2025-09-27T11:12:05","date_gmt":"2025-09-27T14:12:05","guid":{"rendered":"https:\/\/elurbanoweb.com.ar\/diario\/?p=60988"},"modified":"2025-09-27T11:12:05","modified_gmt":"2025-09-27T14:12:05","slug":"el-gobernador-y-el-jefe-de-gabinete-recibieron-a-estudiantes-de-siete-departamentos","status":"publish","type":"post","link":"http:\/\/elurbanoweb.com.ar\/diario\/el-gobernador-y-el-jefe-de-gabinete-recibieron-a-estudiantes-de-siete-departamentos\/","title":{"rendered":"El Gobernador y el Jefe de Gabinete recibieron a estudiantes de siete departamentos"},"content":{"rendered":"<p>Un total de 210 alumnos que cursan el \u00faltimo a\u00f1o del secundario en instituciones educativas de los departamentos Choya, Rivadavia, Jim\u00e9nez, Loreto, San Mart\u00edn, Guasay\u00e1n y Banda fueron recibidos este viernes en Casa de Gobierno por el gobernador Gerardo Zamora y el jefe de Gabinete, El\u00edas Su\u00e1rez, como parte de las actividades realizadas en el marco del programa Conociendo mi provincia.<\/p>\n<p><img loading=\"lazy\" decoding=\"async\" class=\"alignnone wp-image-60989 size-large\" src=\"http:\/\/elurbanoweb.com.ar\/diario\/wp-content\/uploads\/2025\/09\/siete-1024x682.jpg\" alt=\"\" width=\"1024\" height=\"682\" srcset=\"http:\/\/elurbanoweb.com.ar\/diario\/wp-content\/uploads\/2025\/09\/siete-1024x682.jpg 1024w, http:\/\/elurbanoweb.com.ar\/diario\/wp-content\/uploads\/2025\/09\/siete-300x200.jpg 300w, http:\/\/elurbanoweb.com.ar\/diario\/wp-content\/uploads\/2025\/09\/siete-150x100.jpg 150w, http:\/\/elurbanoweb.com.ar\/diario\/wp-content\/uploads\/2025\/09\/siete-1536x1023.jpg 1536w, http:\/\/elurbanoweb.com.ar\/diario\/wp-content\/uploads\/2025\/09\/siete-2048x1364.jpg 2048w\" sizes=\"auto, (max-width: 1024px) 100vw, 1024px\" \/><\/p>\n<p><!--more--><\/p>\n<p>Del encuentro, que se desarroll\u00f3 en el Sal\u00f3n de Acuerdos, participaron estudiantes y 29 docentes de los siguientes establecimientos: Colegio Secundario San Antonio de la Localidad de Choya; Escuela Agrot\u00e9cnica de Fr\u00edas, Dpto. Choya; Colegio Secundario de Barrancas Coloradas, Dpto. San Mart\u00edn; Agrupamiento 86.135 de Villa Nueva, Dpto. San Mart\u00edn; Escuela de la Familia Agr\u00edcola (EFA) de Colonia Alpina, Dpto. Rivadavia; EFA de Avellaneda de la localidad de Acequia Vieja, Km. 572 Zona Rural Colonia Dora; Agrupamiento 86.036 de El Arenal, Dpto. Jim\u00e9nez; Escuela T\u00e9cnica N\u00ba 13 Prof. Julio Olivera de Estaci\u00f3n Simbolar, Dpto. Banda, y el Colegio Eliseo Fringes de Lavalle, Dpto. Guasay\u00e1n.<\/p>\n<p>En la oportunidad, Mar\u00eda de los \u00c1ngeles Gonz\u00e1lez, asesora pedag\u00f3gica del Colegio de Fr\u00edas, expres\u00f3: \u201cEn nombre de las instituciones quiero agradecerle gobernador, por todo lo que hace por la educaci\u00f3n, por generar igualdad de oportunidades y que todos los estudiantes de la provincia tengan los mismos derechos\u201d.<\/p>\n<p>Al hacer uso de la palabra, el mandatario provincial manifest\u00f3: \u201cEs una alegr\u00eda recibirlos y saludar a los estudiantes y docentes de las distintas escuelas que llegan a trav\u00e9s de este programa, que ya tiene varios a\u00f1os y tiene como objetivo que puedan visitar los lugares hist\u00f3ricos, tur\u00edsticos, deportivos, culturales e institucionales que tiene nuestra provincia y que son de todos ustedes\u201d.<\/p>\n<p>Resalt\u00f3 que este programa forma parte de la importante inversi\u00f3n que el Estado provincial realiza en educaci\u00f3n.<\/p>\n<p>\u201cTratamos de que todas las escuelas tengan internet, que todos los j\u00f3venes accedan a elementos como las tablets, los alimentos proteicos y la creaci\u00f3n de los agrupamientos que significan m\u00e1s igualdad educativa para que todos tengan acceso a la escuela secundaria y este programa es todo eso\u201d, se\u00f1al\u00f3.<\/p>\n","protected":false},"excerpt":{"rendered":"<p>Un total de 210 alumnos que cursan el \u00faltimo a\u00f1o del secundario en instituciones educativas de los departamentos Choya, Rivadavia, Jim\u00e9nez, Loreto, San Mart\u00edn, Guasay\u00e1n y Banda fueron recibidos este&hellip; <\/p>\n","protected":false},"author":1,"featured_media":60989,"comment_status":"closed","ping_status":"closed","sticky":false,"template":"","format":"standard","meta":{"footnotes":""},"categories":[2],"tags":[],"class_list":["post-60988","post","type-post","status-publish","format-standard","has-post-thumbnail","hentry","category-gobierno"],"_links":{"self":[{"href":"http:\/\/elurbanoweb.com.ar\/diario\/wp-json\/wp\/v2\/posts\/60988","targetHints":{"allow":["GET"]}}],"collection":[{"href":"http:\/\/elurbanoweb.com.ar\/diario\/wp-json\/wp\/v2\/posts"}],"about":[{"href":"http:\/\/elurbanoweb.com.ar\/diario\/wp-json\/wp\/v2\/types\/post"}],"author":[{"embeddable":true,"href":"http:\/\/elurbanoweb.com.ar\/diario\/wp-json\/wp\/v2\/users\/1"}],"replies":[{"embeddable":true,"href":"http:\/\/elurbanoweb.com.ar\/diario\/wp-json\/wp\/v2\/comments?post=60988"}],"version-history":[{"count":1,"href":"http:\/\/elurbanoweb.com.ar\/diario\/wp-json\/wp\/v2\/posts\/60988\/revisions"}],"predecessor-version":[{"id":60990,"href":"http:\/\/elurbanoweb.com.ar\/diario\/wp-json\/wp\/v2\/posts\/60988\/revisions\/60990"}],"wp:featuredmedia":[{"embeddable":true,"href":"http:\/\/elurbanoweb.com.ar\/diario\/wp-json\/wp\/v2\/media\/60989"}],"wp:attachment":[{"href":"http:\/\/elurbanoweb.com.ar\/diario\/wp-json\/wp\/v2\/media?parent=60988"}],"wp:term":[{"taxonomy":"category","embeddable":true,"href":"http:\/\/elurbanoweb.com.ar\/diario\/wp-json\/wp\/v2\/categories?post=60988"},{"taxonomy":"post_tag","embeddable":true,"href":"http:\/\/elurbanoweb.com.ar\/diario\/wp-json\/wp\/v2\/tags?post=60988"}],"curies":[{"name":"wp","href":"https:\/\/api.w.org\/{rel}","templated":true}]}}