{"id":60991,"date":"2025-09-27T11:15:49","date_gmt":"2025-09-27T14:15:49","guid":{"rendered":"https:\/\/elurbanoweb.com.ar\/diario\/?p=60991"},"modified":"2025-09-27T11:15:49","modified_gmt":"2025-09-27T14:15:49","slug":"recomiendan-evitar-ingresar-o-permanecer-en-la-zona-del-parque-aguirre-mientras-persista-el-fuerte-viento","status":"publish","type":"post","link":"http:\/\/elurbanoweb.com.ar\/diario\/recomiendan-evitar-ingresar-o-permanecer-en-la-zona-del-parque-aguirre-mientras-persista-el-fuerte-viento\/","title":{"rendered":"Recomiendan evitar ingresar o permanecer en la zona del Parque Aguirre mientras persista el fuerte viento"},"content":{"rendered":"<p>En caso de emergencia, las autoridades pusieron a disposici\u00f3n el n\u00famero de contacto 4217999 para atenci\u00f3n de emergencias.<\/p>\n<p><img loading=\"lazy\" decoding=\"async\" class=\"alignnone wp-image-60993 size-full\" src=\"http:\/\/elurbanoweb.com.ar\/diario\/wp-content\/uploads\/2025\/09\/parque.jpg\" alt=\"\" width=\"1010\" height=\"567\" srcset=\"http:\/\/elurbanoweb.com.ar\/diario\/wp-content\/uploads\/2025\/09\/parque.jpg 1010w, http:\/\/elurbanoweb.com.ar\/diario\/wp-content\/uploads\/2025\/09\/parque-300x168.jpg 300w, http:\/\/elurbanoweb.com.ar\/diario\/wp-content\/uploads\/2025\/09\/parque-150x84.jpg 150w\" sizes=\"auto, (max-width: 1010px) 100vw, 1010px\" \/><\/p>\n<p><!--more--><\/p>\n<p>Las autoridades locales alertaron a la poblaci\u00f3n sobre las fuertes r\u00e1fagas de viento que se est\u00e1n registrando en la ciudad. En este contexto, se recomienda no ingresar ni permanecer en la zona del Parque Aguirre hasta que las condiciones mejoren, con el fin de evitar posibles accidentes o inconvenientes derivados de los vientos intensos.<\/p>\n<p><img loading=\"lazy\" decoding=\"async\" class=\"alignnone wp-image-60992 size-large\" src=\"http:\/\/elurbanoweb.com.ar\/diario\/wp-content\/uploads\/2025\/09\/defensa-1024x1024.jpg\" alt=\"\" width=\"1024\" height=\"1024\" srcset=\"http:\/\/elurbanoweb.com.ar\/diario\/wp-content\/uploads\/2025\/09\/defensa-1024x1024.jpg 1024w, http:\/\/elurbanoweb.com.ar\/diario\/wp-content\/uploads\/2025\/09\/defensa-300x300.jpg 300w, http:\/\/elurbanoweb.com.ar\/diario\/wp-content\/uploads\/2025\/09\/defensa-150x150.jpg 150w, http:\/\/elurbanoweb.com.ar\/diario\/wp-content\/uploads\/2025\/09\/defensa-1536x1536.jpg 1536w, http:\/\/elurbanoweb.com.ar\/diario\/wp-content\/uploads\/2025\/09\/defensa.jpg 1600w\" sizes=\"auto, (max-width: 1024px) 100vw, 1024px\" \/><\/p>\n<p>El Parque Aguirre, una de las \u00e1reas m\u00e1s concurridas de la ciudad, podr\u00eda presentar riesgos debido a la ca\u00edda de ramas o elementos del entorno que puedan ser arrastrados por las r\u00e1fagas. Se aconseja a los residentes y visitantes de la zona seguir estas recomendaciones para garantizar su seguridad.<\/p>\n<p>En caso de emergencia, las autoridades pusieron a disposici\u00f3n el n\u00famero de contacto 4217999 para atenci\u00f3n de emergencias. Se solicita a la poblaci\u00f3n estar alerta y mantenerse informada sobre las actualizaciones de las condiciones clim\u00e1ticas.<\/p>\n<p>La seguridad de los ciudadanos es una prioridad, por lo que se insta a la comunidad a tomar las precauciones necesarias y a seguir las indicaciones de las autoridades hasta que la situaci\u00f3n se normalice.<\/p>\n","protected":false},"excerpt":{"rendered":"<p>En caso de emergencia, las autoridades pusieron a disposici\u00f3n el n\u00famero de contacto 4217999 para atenci\u00f3n de emergencias.<\/p>\n","protected":false},"author":1,"featured_media":60993,"comment_status":"closed","ping_status":"closed","sticky":false,"template":"","format":"standard","meta":{"footnotes":""},"categories":[16],"tags":[],"class_list":["post-60991","post","type-post","status-publish","format-standard","has-post-thumbnail","hentry","category-locales"],"_links":{"self":[{"href":"http:\/\/elurbanoweb.com.ar\/diario\/wp-json\/wp\/v2\/posts\/60991","targetHints":{"allow":["GET"]}}],"collection":[{"href":"http:\/\/elurbanoweb.com.ar\/diario\/wp-json\/wp\/v2\/posts"}],"about":[{"href":"http:\/\/elurbanoweb.com.ar\/diario\/wp-json\/wp\/v2\/types\/post"}],"author":[{"embeddable":true,"href":"http:\/\/elurbanoweb.com.ar\/diario\/wp-json\/wp\/v2\/users\/1"}],"replies":[{"embeddable":true,"href":"http:\/\/elurbanoweb.com.ar\/diario\/wp-json\/wp\/v2\/comments?post=60991"}],"version-history":[{"count":1,"href":"http:\/\/elurbanoweb.com.ar\/diario\/wp-json\/wp\/v2\/posts\/60991\/revisions"}],"predecessor-version":[{"id":60994,"href":"http:\/\/elurbanoweb.com.ar\/diario\/wp-json\/wp\/v2\/posts\/60991\/revisions\/60994"}],"wp:featuredmedia":[{"embeddable":true,"href":"http:\/\/elurbanoweb.com.ar\/diario\/wp-json\/wp\/v2\/media\/60993"}],"wp:attachment":[{"href":"http:\/\/elurbanoweb.com.ar\/diario\/wp-json\/wp\/v2\/media?parent=60991"}],"wp:term":[{"taxonomy":"category","embeddable":true,"href":"http:\/\/elurbanoweb.com.ar\/diario\/wp-json\/wp\/v2\/categories?post=60991"},{"taxonomy":"post_tag","embeddable":true,"href":"http:\/\/elurbanoweb.com.ar\/diario\/wp-json\/wp\/v2\/tags?post=60991"}],"curies":[{"name":"wp","href":"https:\/\/api.w.org\/{rel}","templated":true}]}}