{"id":61061,"date":"2025-09-30T00:04:40","date_gmt":"2025-09-30T03:04:40","guid":{"rendered":"https:\/\/elurbanoweb.com.ar\/diario\/?p=61061"},"modified":"2025-09-30T00:04:40","modified_gmt":"2025-09-30T03:04:40","slug":"el-gimnasio-municipal-ofrece-una-amplia-cantidad-de-actividades-recreativas-y-deportivas-para-mejorar-la-salud-2","status":"publish","type":"post","link":"http:\/\/elurbanoweb.com.ar\/diario\/el-gimnasio-municipal-ofrece-una-amplia-cantidad-de-actividades-recreativas-y-deportivas-para-mejorar-la-salud-2\/","title":{"rendered":"El gimnasio municipal ofrece una amplia cantidad de actividades recreativas y deportivas para mejorar la salud"},"content":{"rendered":"<p>Para mayor informaci\u00f3n e inscripciones, los interesados pueden dirigirse al gimnasio municipal ubicado en Av. Besares y Lavalle.<\/p>\n<p><img loading=\"lazy\" decoding=\"async\" class=\"alignnone wp-image-61062 size-full\" src=\"http:\/\/elurbanoweb.com.ar\/diario\/wp-content\/uploads\/2025\/09\/gimnacio.jpg\" alt=\"\" width=\"1010\" height=\"567\" srcset=\"http:\/\/elurbanoweb.com.ar\/diario\/wp-content\/uploads\/2025\/09\/gimnacio.jpg 1010w, http:\/\/elurbanoweb.com.ar\/diario\/wp-content\/uploads\/2025\/09\/gimnacio-300x168.jpg 300w, http:\/\/elurbanoweb.com.ar\/diario\/wp-content\/uploads\/2025\/09\/gimnacio-150x84.jpg 150w\" sizes=\"auto, (max-width: 1010px) 100vw, 1010px\" \/><\/p>\n<p><!--more--><\/p>\n<p>La Direcci\u00f3n de Deportes, dependiente de la Secretar\u00eda de Gobierno inform\u00f3 que se encuentran disponibles clases de ritmos, acrobacia en telas, danzas folcl\u00f3ricas y judo en las instalaciones del Gimnasio Municipal.<\/p>\n<p>Al respecto, desde el \u00e1rea se indic\u00f3 que los lunes, mi\u00e9rcoles y viernes la instructora Mar\u00eda Jos\u00e9 \u00c1lvarez dicta clases de ritmos, funcional y zumba de 8.30 a 9.30 y de 9.30 a 10.30 y los martes y jueves de 15.30 a 16.30hs.<\/p>\n<p>Asimismo, el profesor Carlos Villalba dicta clases de ritmos latinos los lunes, mi\u00e9rcoles y viernes de 15.30 a 16.30hs.<\/p>\n<p>Las clases de acrobacias en telas se dictan los lunes y mi\u00e9rcoles de 15.30 a 17 y de 19 a 20.30 y los martes y jueves de 18.30 a 20 a cargo de la instructora Paola Moyano.<\/p>\n<p>Las pr\u00e1cticas de judo a cargo de Maximiliano Bondi tienen lugar los lunes, mi\u00e9rcoles y viernes de 20.30 a 22.<\/p>\n<p>El taller de danzas folcl\u00f3ricas con la profesora Liz Bellido se dicta los lunes de 22 a 23, los martes de 21 a 23.<\/p>\n<p>Finalmente, la instructora Mirta Villavicencio ofrece clases de ritmos los d\u00edas martes y jueves de 18.30 a 20.30hs.<\/p>\n<p>Cabe destacar, que desde las pol\u00edticas de gesti\u00f3n del intendente Ing. Roger Nediani se contin\u00faan habilitando espacios de contenci\u00f3n y esparcimiento para los vecinos de todas las edades, destacando que las actividades f\u00edsicas tienen muchos efectos positivos en el cuerpo y en la mente ya que fortalecen el coraz\u00f3n, mejoran la circulaci\u00f3n sangu\u00ednea, ayudan a tonificar los m\u00fasculos, reducen el estr\u00e9s, e incluso ayudan a mejorar las relaciones interpersonales.<\/p>\n<p>Para mayor informaci\u00f3n e inscripciones los interesados pueden dirigirse directamente al Gimnasio Municipal ubicado en Av. Besares y Lavalle en los respectivos d\u00edas y horarios de las actividades ofrecidas.<\/p>\n","protected":false},"excerpt":{"rendered":"<p>Para mayor informaci\u00f3n e inscripciones, los interesados pueden dirigirse al gimnasio municipal ubicado en Av. Besares y Lavalle.<\/p>\n","protected":false},"author":1,"featured_media":61062,"comment_status":"closed","ping_status":"closed","sticky":false,"template":"","format":"standard","meta":{"footnotes":""},"categories":[9],"tags":[],"class_list":["post-61061","post","type-post","status-publish","format-standard","has-post-thumbnail","hentry","category-la-banda"],"_links":{"self":[{"href":"http:\/\/elurbanoweb.com.ar\/diario\/wp-json\/wp\/v2\/posts\/61061","targetHints":{"allow":["GET"]}}],"collection":[{"href":"http:\/\/elurbanoweb.com.ar\/diario\/wp-json\/wp\/v2\/posts"}],"about":[{"href":"http:\/\/elurbanoweb.com.ar\/diario\/wp-json\/wp\/v2\/types\/post"}],"author":[{"embeddable":true,"href":"http:\/\/elurbanoweb.com.ar\/diario\/wp-json\/wp\/v2\/users\/1"}],"replies":[{"embeddable":true,"href":"http:\/\/elurbanoweb.com.ar\/diario\/wp-json\/wp\/v2\/comments?post=61061"}],"version-history":[{"count":1,"href":"http:\/\/elurbanoweb.com.ar\/diario\/wp-json\/wp\/v2\/posts\/61061\/revisions"}],"predecessor-version":[{"id":61063,"href":"http:\/\/elurbanoweb.com.ar\/diario\/wp-json\/wp\/v2\/posts\/61061\/revisions\/61063"}],"wp:featuredmedia":[{"embeddable":true,"href":"http:\/\/elurbanoweb.com.ar\/diario\/wp-json\/wp\/v2\/media\/61062"}],"wp:attachment":[{"href":"http:\/\/elurbanoweb.com.ar\/diario\/wp-json\/wp\/v2\/media?parent=61061"}],"wp:term":[{"taxonomy":"category","embeddable":true,"href":"http:\/\/elurbanoweb.com.ar\/diario\/wp-json\/wp\/v2\/categories?post=61061"},{"taxonomy":"post_tag","embeddable":true,"href":"http:\/\/elurbanoweb.com.ar\/diario\/wp-json\/wp\/v2\/tags?post=61061"}],"curies":[{"name":"wp","href":"https:\/\/api.w.org\/{rel}","templated":true}]}}