{"id":61083,"date":"2025-09-30T00:20:27","date_gmt":"2025-09-30T03:20:27","guid":{"rendered":"https:\/\/elurbanoweb.com.ar\/diario\/?p=61083"},"modified":"2025-09-30T00:20:27","modified_gmt":"2025-09-30T03:20:27","slug":"el-jefe-de-gabinete-destaco-la-gestion-provincial-en-la-inauguracion-de-obras-en-mitre-y-aguirre","status":"publish","type":"post","link":"http:\/\/elurbanoweb.com.ar\/diario\/el-jefe-de-gabinete-destaco-la-gestion-provincial-en-la-inauguracion-de-obras-en-mitre-y-aguirre\/","title":{"rendered":"El Jefe de Gabinete destac\u00f3 la gesti\u00f3n provincial en la inauguraci\u00f3n de obras en Mitre y Aguirre"},"content":{"rendered":"<p>El Jefe de Gabinete de Ministros, El\u00edas Su\u00e1rez acompa\u00f1\u00f3 al gobernador Gerardo Zamora en una intensa jornada de inauguraciones en los departamentos Mitre y Aguirre, donde se habilitaron importantes obras de infraestructura educativa, social y sanitaria.<\/p>\n<p><img loading=\"lazy\" decoding=\"async\" class=\"alignnone wp-image-61084 size-large\" src=\"http:\/\/elurbanoweb.com.ar\/diario\/wp-content\/uploads\/2025\/09\/participo-1024x682.jpg\" alt=\"\" width=\"1024\" height=\"682\" srcset=\"http:\/\/elurbanoweb.com.ar\/diario\/wp-content\/uploads\/2025\/09\/participo-1024x682.jpg 1024w, http:\/\/elurbanoweb.com.ar\/diario\/wp-content\/uploads\/2025\/09\/participo-300x200.jpg 300w, http:\/\/elurbanoweb.com.ar\/diario\/wp-content\/uploads\/2025\/09\/participo-150x100.jpg 150w, http:\/\/elurbanoweb.com.ar\/diario\/wp-content\/uploads\/2025\/09\/participo.jpg 1440w\" sizes=\"auto, (max-width: 1024px) 100vw, 1024px\" \/><\/p>\n<p><!--more--><\/p>\n<p>\u201cEn Lote 24, dejamos habilitado el edificio que ser\u00e1 sede del Agrupamiento 86.029, Escuela N.\u00ba 462, al que concurren 32 alumnos de los parajes de la zona. El establecimiento cuenta ahora con modernas instalaciones: laboratorio, tres aulas, biblioteca, sal\u00f3n audiovisual y conexi\u00f3n a internet\u201d, expres\u00f3 Su\u00e1rez.<\/p>\n<p>Posteriormente, en Pinto, inauguramos las instalaciones del jard\u00edn de infantes \u201cTravesuras\u201d, que recibe a 75 ni\u00f1os de 3, 4 y 5 a\u00f1os. Adem\u00e1s, se entregaron viviendas sociales construidas en conjunto por el Ministerio de Desarrollo Social y la Municipalidad local.<\/p>\n<p>La jornada culmin\u00f3 con la inauguraci\u00f3n del nuevo hospital zonal de Pinto, que posee 4.150 m\u00b2 de superficie, hall central, consultorios, farmacia y \u00e1reas especializadas en diagn\u00f3stico por im\u00e1genes, ecograf\u00eda, mamograf\u00eda, rayos X, endoscop\u00eda y tomograf\u00eda computada. El centro cuenta con 30 camas de internaci\u00f3n y guardia de emergencias con acceso diferenciado para ambulancias.<\/p>\n<p>El Jefe de Gabinete resalt\u00f3 que estas realizaciones \u201cson el resultado de una provincia administrada con orden y equilibrio presupuestario, que permite que obras de esta magnitud se sigan realizando a lo largo y ancho del territorio santiague\u00f1o\u201d.<\/p>\n","protected":false},"excerpt":{"rendered":"<p>El Jefe de Gabinete de Ministros, El\u00edas Su\u00e1rez acompa\u00f1\u00f3 al gobernador Gerardo Zamora en una intensa jornada de inauguraciones en los departamentos Mitre y Aguirre, donde se habilitaron importantes obras&hellip; <\/p>\n","protected":false},"author":1,"featured_media":61084,"comment_status":"closed","ping_status":"closed","sticky":false,"template":"","format":"standard","meta":{"footnotes":""},"categories":[2,10],"tags":[],"class_list":["post-61083","post","type-post","status-publish","format-standard","has-post-thumbnail","hentry","category-gobierno","category-interior"],"_links":{"self":[{"href":"http:\/\/elurbanoweb.com.ar\/diario\/wp-json\/wp\/v2\/posts\/61083","targetHints":{"allow":["GET"]}}],"collection":[{"href":"http:\/\/elurbanoweb.com.ar\/diario\/wp-json\/wp\/v2\/posts"}],"about":[{"href":"http:\/\/elurbanoweb.com.ar\/diario\/wp-json\/wp\/v2\/types\/post"}],"author":[{"embeddable":true,"href":"http:\/\/elurbanoweb.com.ar\/diario\/wp-json\/wp\/v2\/users\/1"}],"replies":[{"embeddable":true,"href":"http:\/\/elurbanoweb.com.ar\/diario\/wp-json\/wp\/v2\/comments?post=61083"}],"version-history":[{"count":1,"href":"http:\/\/elurbanoweb.com.ar\/diario\/wp-json\/wp\/v2\/posts\/61083\/revisions"}],"predecessor-version":[{"id":61085,"href":"http:\/\/elurbanoweb.com.ar\/diario\/wp-json\/wp\/v2\/posts\/61083\/revisions\/61085"}],"wp:featuredmedia":[{"embeddable":true,"href":"http:\/\/elurbanoweb.com.ar\/diario\/wp-json\/wp\/v2\/media\/61084"}],"wp:attachment":[{"href":"http:\/\/elurbanoweb.com.ar\/diario\/wp-json\/wp\/v2\/media?parent=61083"}],"wp:term":[{"taxonomy":"category","embeddable":true,"href":"http:\/\/elurbanoweb.com.ar\/diario\/wp-json\/wp\/v2\/categories?post=61083"},{"taxonomy":"post_tag","embeddable":true,"href":"http:\/\/elurbanoweb.com.ar\/diario\/wp-json\/wp\/v2\/tags?post=61083"}],"curies":[{"name":"wp","href":"https:\/\/api.w.org\/{rel}","templated":true}]}}