{"id":61281,"date":"2025-10-04T09:50:35","date_gmt":"2025-10-04T12:50:35","guid":{"rendered":"https:\/\/elurbanoweb.com.ar\/diario\/?p=61281"},"modified":"2025-10-04T09:50:35","modified_gmt":"2025-10-04T12:50:35","slug":"santiago-sede-del-mejor-nivel-de-la-natacion-argentina","status":"publish","type":"post","link":"http:\/\/elurbanoweb.com.ar\/diario\/santiago-sede-del-mejor-nivel-de-la-natacion-argentina\/","title":{"rendered":"Santiago, sede del mejor nivel de la nataci\u00f3n argentina"},"content":{"rendered":"<p>El Natatorio Ol\u00edmpico Madre de Ciudades vive a pleno la tercera jornada del Torneo Nacional de Nataci\u00f3n, con m\u00e1s de 400 competidores de todo el pa\u00eds.<\/p>\n<p><img loading=\"lazy\" decoding=\"async\" class=\"alignnone wp-image-61282 size-large\" src=\"http:\/\/elurbanoweb.com.ar\/diario\/wp-content\/uploads\/2025\/10\/natacion-1024x682.jpg\" alt=\"\" width=\"1024\" height=\"682\" srcset=\"http:\/\/elurbanoweb.com.ar\/diario\/wp-content\/uploads\/2025\/10\/natacion-1024x682.jpg 1024w, http:\/\/elurbanoweb.com.ar\/diario\/wp-content\/uploads\/2025\/10\/natacion-300x200.jpg 300w, http:\/\/elurbanoweb.com.ar\/diario\/wp-content\/uploads\/2025\/10\/natacion-150x100.jpg 150w, http:\/\/elurbanoweb.com.ar\/diario\/wp-content\/uploads\/2025\/10\/natacion-1536x1023.jpg 1536w, http:\/\/elurbanoweb.com.ar\/diario\/wp-content\/uploads\/2025\/10\/natacion.jpg 2048w\" sizes=\"auto, (max-width: 1024px) 100vw, 1024px\" \/><\/p>\n<p><!--more--><\/p>\n<p>Con premiaciones, emoci\u00f3n y el aliento de grandes referentes, Santiago reafirma que el deporte es pol\u00edtica de Estado, y que nuestro Natatorio Ol\u00edmpico es un orgullo que convoca al pa\u00eds entero.<\/p>\n<p><img loading=\"lazy\" decoding=\"async\" class=\"alignnone wp-image-61283 size-large\" src=\"http:\/\/elurbanoweb.com.ar\/diario\/wp-content\/uploads\/2025\/10\/natacion1-1024x251.jpg\" alt=\"\" width=\"1024\" height=\"251\" srcset=\"http:\/\/elurbanoweb.com.ar\/diario\/wp-content\/uploads\/2025\/10\/natacion1-1024x251.jpg 1024w, http:\/\/elurbanoweb.com.ar\/diario\/wp-content\/uploads\/2025\/10\/natacion1-300x74.jpg 300w, http:\/\/elurbanoweb.com.ar\/diario\/wp-content\/uploads\/2025\/10\/natacion1-150x37.jpg 150w, http:\/\/elurbanoweb.com.ar\/diario\/wp-content\/uploads\/2025\/10\/natacion1.jpg 1181w\" sizes=\"auto, (max-width: 1024px) 100vw, 1024px\" \/><\/p>\n<p>La apertura estuvo encabezada por el secretario de Deportes Carlos Dapello, acompa\u00f1ado por la intendente de la Capital Norma Fuentes; los representantes de la Confederaci\u00f3n Argentina de Deportes Acu\u00e1ticos, Rub\u00e9n Bustos y Silvia Torres; el reconocido atleta Jos\u00e9 Meolans; la directora del complejo, Josefina Bandrowsky; y el diputado provincial Juan Manuel Beltramino.<\/p>\n","protected":false},"excerpt":{"rendered":"<p>El Natatorio Ol\u00edmpico Madre de Ciudades vive a pleno la tercera jornada del Torneo Nacional de Nataci\u00f3n, con m\u00e1s de 400 competidores de todo el pa\u00eds.<\/p>\n","protected":false},"author":1,"featured_media":61282,"comment_status":"closed","ping_status":"closed","sticky":false,"template":"","format":"standard","meta":{"footnotes":""},"categories":[4],"tags":[],"class_list":["post-61281","post","type-post","status-publish","format-standard","has-post-thumbnail","hentry","category-deportes"],"_links":{"self":[{"href":"http:\/\/elurbanoweb.com.ar\/diario\/wp-json\/wp\/v2\/posts\/61281","targetHints":{"allow":["GET"]}}],"collection":[{"href":"http:\/\/elurbanoweb.com.ar\/diario\/wp-json\/wp\/v2\/posts"}],"about":[{"href":"http:\/\/elurbanoweb.com.ar\/diario\/wp-json\/wp\/v2\/types\/post"}],"author":[{"embeddable":true,"href":"http:\/\/elurbanoweb.com.ar\/diario\/wp-json\/wp\/v2\/users\/1"}],"replies":[{"embeddable":true,"href":"http:\/\/elurbanoweb.com.ar\/diario\/wp-json\/wp\/v2\/comments?post=61281"}],"version-history":[{"count":1,"href":"http:\/\/elurbanoweb.com.ar\/diario\/wp-json\/wp\/v2\/posts\/61281\/revisions"}],"predecessor-version":[{"id":61284,"href":"http:\/\/elurbanoweb.com.ar\/diario\/wp-json\/wp\/v2\/posts\/61281\/revisions\/61284"}],"wp:featuredmedia":[{"embeddable":true,"href":"http:\/\/elurbanoweb.com.ar\/diario\/wp-json\/wp\/v2\/media\/61282"}],"wp:attachment":[{"href":"http:\/\/elurbanoweb.com.ar\/diario\/wp-json\/wp\/v2\/media?parent=61281"}],"wp:term":[{"taxonomy":"category","embeddable":true,"href":"http:\/\/elurbanoweb.com.ar\/diario\/wp-json\/wp\/v2\/categories?post=61281"},{"taxonomy":"post_tag","embeddable":true,"href":"http:\/\/elurbanoweb.com.ar\/diario\/wp-json\/wp\/v2\/tags?post=61281"}],"curies":[{"name":"wp","href":"https:\/\/api.w.org\/{rel}","templated":true}]}}