{"id":61302,"date":"2025-10-05T09:43:54","date_gmt":"2025-10-05T12:43:54","guid":{"rendered":"https:\/\/elurbanoweb.com.ar\/diario\/?p=61302"},"modified":"2025-10-05T09:43:54","modified_gmt":"2025-10-05T12:43:54","slug":"neder-el-peronismo-es-la-unica-muralla-para-que-no-se-lleven-puestos-los-derechos","status":"publish","type":"post","link":"http:\/\/elurbanoweb.com.ar\/diario\/neder-el-peronismo-es-la-unica-muralla-para-que-no-se-lleven-puestos-los-derechos\/","title":{"rendered":"Neder: \u201cEl peronismo es la \u00fanica muralla para que no se lleven puestos los derechos\u201d"},"content":{"rendered":"<p>Fuerza Patria Peronista realiz\u00f3 un plenario dirigencial en la ciudad de Los Jur\u00edes, departamento General Taboada, encabezado por el candidato a senador nacional Jos\u00e9 Emilio Neder, junto a los candidatos a vicegobernador, Carlos Silva Neder; a senadora nacional, Marcela Soria; y a diputado nacionales, Marcelo Barbur y Luc\u00eda Corlli.<\/p>\n<p><img loading=\"lazy\" decoding=\"async\" class=\"alignnone wp-image-61303 size-full\" src=\"http:\/\/elurbanoweb.com.ar\/diario\/wp-content\/uploads\/2025\/10\/muralla.jpg\" alt=\"\" width=\"1010\" height=\"567\" srcset=\"http:\/\/elurbanoweb.com.ar\/diario\/wp-content\/uploads\/2025\/10\/muralla.jpg 1010w, http:\/\/elurbanoweb.com.ar\/diario\/wp-content\/uploads\/2025\/10\/muralla-300x168.jpg 300w, http:\/\/elurbanoweb.com.ar\/diario\/wp-content\/uploads\/2025\/10\/muralla-150x84.jpg 150w\" sizes=\"auto, (max-width: 1010px) 100vw, 1010px\" \/><\/p>\n<p><!--more--><\/p>\n<p>En las colmadas instalaciones del club Sportivo Comercio, dio la bienvenida el Dr. Marcelo Barbur, como anfitri\u00f3n del encuentro. Tambi\u00e9n hablaron el titular de la Junta Departamental del PJ, Dr. Julio Ernesto Castro; y el vicegobernador Carlos Silva Neder. Adem\u00e1s, asistieron candidatos a comisionados municipales de localidades vecinas.<\/p>\n<p>El mensaje de cierre estuvo a cargo de \u201cPich\u00f3n\u201d Neder, quien agradeci\u00f3 a la masiva concurrencia y puntualiz\u00f3: \u201cEl odio que este Gobierno Nacional viene a proponernos representa un modo de vida diametralmente diferente como sociedad, que nada tiene que ver con nuestra esencia de santiague\u00f1os y argentinos\u201d.<\/p>\n<p>\u201cViven humillando y maltratando, la casta que tanto dec\u00edan result\u00f3 ser el pueblo, result\u00f3 ser la salud y la educaci\u00f3n p\u00fablica, resultaron ser los jubilados. Ese Estado que tanto se jactan de destruir es necesario para la gente, porque ese Estado es un acueducto como el que se hizo para que tenga agua Los Jur\u00edes, y es la Facultad de Medicina para que j\u00f3venes de nuestra provincia puedan estudiar, realizar sus sue\u00f1os y proyectar una vida digna\u201d, remarc\u00f3.<\/p>\n<p>\u201cA esa crueldad de la derecha, que aparte siempre ajusta para abajo y nunca para arriba, desde Fuerza Patria Peronista proponemos otro modelo: nacional y popular de compromiso, unidad y fortaleza para construir desarrollo federal. Esta elecci\u00f3n del 26 de octubre es el momento del peronismo, somos la \u00fanica muralla para que no se lleven puestos los derechos\u201d, concluy\u00f3 Neder.<\/p>\n","protected":false},"excerpt":{"rendered":"<p>Fuerza Patria Peronista realiz\u00f3 un plenario dirigencial en la ciudad de Los Jur\u00edes, departamento General Taboada, encabezado por el candidato a senador nacional Jos\u00e9 Emilio Neder, junto a los candidatos&hellip; <\/p>\n","protected":false},"author":1,"featured_media":61303,"comment_status":"closed","ping_status":"closed","sticky":false,"template":"","format":"standard","meta":{"footnotes":""},"categories":[2,10],"tags":[],"class_list":["post-61302","post","type-post","status-publish","format-standard","has-post-thumbnail","hentry","category-gobierno","category-interior"],"_links":{"self":[{"href":"http:\/\/elurbanoweb.com.ar\/diario\/wp-json\/wp\/v2\/posts\/61302","targetHints":{"allow":["GET"]}}],"collection":[{"href":"http:\/\/elurbanoweb.com.ar\/diario\/wp-json\/wp\/v2\/posts"}],"about":[{"href":"http:\/\/elurbanoweb.com.ar\/diario\/wp-json\/wp\/v2\/types\/post"}],"author":[{"embeddable":true,"href":"http:\/\/elurbanoweb.com.ar\/diario\/wp-json\/wp\/v2\/users\/1"}],"replies":[{"embeddable":true,"href":"http:\/\/elurbanoweb.com.ar\/diario\/wp-json\/wp\/v2\/comments?post=61302"}],"version-history":[{"count":1,"href":"http:\/\/elurbanoweb.com.ar\/diario\/wp-json\/wp\/v2\/posts\/61302\/revisions"}],"predecessor-version":[{"id":61304,"href":"http:\/\/elurbanoweb.com.ar\/diario\/wp-json\/wp\/v2\/posts\/61302\/revisions\/61304"}],"wp:featuredmedia":[{"embeddable":true,"href":"http:\/\/elurbanoweb.com.ar\/diario\/wp-json\/wp\/v2\/media\/61303"}],"wp:attachment":[{"href":"http:\/\/elurbanoweb.com.ar\/diario\/wp-json\/wp\/v2\/media?parent=61302"}],"wp:term":[{"taxonomy":"category","embeddable":true,"href":"http:\/\/elurbanoweb.com.ar\/diario\/wp-json\/wp\/v2\/categories?post=61302"},{"taxonomy":"post_tag","embeddable":true,"href":"http:\/\/elurbanoweb.com.ar\/diario\/wp-json\/wp\/v2\/tags?post=61302"}],"curies":[{"name":"wp","href":"https:\/\/api.w.org\/{rel}","templated":true}]}}